{"id":125463,"date":"2021-08-29T07:41:41","date_gmt":"2021-08-29T11:41:41","guid":{"rendered":"https:\/\/linitiative.ca\/International\/covid-19-43-centres-pour-la-vaccination-des-eleves\/"},"modified":"2021-08-29T07:41:41","modified_gmt":"2021-08-29T11:41:41","slug":"covid-19-43-centres-pour-la-vaccination-des-eleves","status":"publish","type":"post","link":"https:\/\/linitiative.ca\/International\/covid-19-43-centres-pour-la-vaccination-des-eleves\/","title":{"rendered":"Covid-19: 43 centres pour la vaccination des \u00e9l\u00e8ves"},"content":{"rendered":"<div>\n<div style=\"margin-bottom:20px;\"><img loading=\"lazy\" decoding=\"async\" width=\"750\" height=\"430\" src=\"https:\/\/linitiative.ca\/International\/wp-content\/uploads\/sites\/23\/2021\/08\/academie-education-RAK-Safi-copier.jpg\" class=\"attachment-post-thumbnail size-post-thumbnail wp-post-image\" alt=\"\" srcset=\"https:\/\/linitiative.ca\/International\/wp-content\/uploads\/sites\/23\/2021\/08\/academie-education-RAK-Safi-copier.jpg 750w, http:\/\/www.mapmarrakech.ma\/map\/uploads\/2020\/09\/academie-education-RAK-Safi-copier-300x172.jpg 300w\" sizes=\"auto, (max-width: 750px) 100vw, 750px\"><\/div>\n<p>Six centres de vaccination seront ainsi am\u00e9nag\u00e9s \u00e0 Marrakech, Dix \u00e0 Al Haouz, quatre \u00e0 El Kela\u00e2 des Sraghna, cinq \u00e0 Chichaoua, cinq \u00e0 Rehamna, cinq \u00e0 Essaouira, quatre \u00e0 Safi et quatre \u00e0 Youssoufia, selon les donn\u00e9es de l\u2019AREF.<\/p>\n<p>Les centres de vaccination seront implant\u00e9s au sein des \u00e9tablissements d\u2019enseignement secondaire qui disposent d\u2019un espace suffisant pour accueillir les b\u00e9n\u00e9ficiaires. Ils seront dot\u00e9s de grands espaces d\u00e9di\u00e9s \u00e0 l\u2019accueil, \u00e0 l\u2019enregistrement et \u00e0 la vaccination des \u00e9l\u00e8ves, ainsi que d\u2019autres salles de repos et d\u2019observation.<\/p>\n<p>Quelque 429.123 \u00e9l\u00e8ves des \u00e9tablissements publics et priv\u00e9s, des missions, des centres d\u2019\u00e9ducation non-formelle et des centres de la deuxi\u00e8me chance-nouvelle g\u00e9n\u00e9ration vont b\u00e9n\u00e9ficier de cette campagne dans le cadre du plan r\u00e9gional de vaccination anti-Covid-19 mis en place par l\u2019AREF de Marrakech-Safi.<\/p>\n<p>Pour assurer la r\u00e9ussite de cette campagne, le plan pr\u00e9voit la cr\u00e9ation d\u2019un comit\u00e9 r\u00e9gional de pilotage dirig\u00e9 par le directeur de l\u2019AREF et des comit\u00e9s provinciaux de pilotage dirig\u00e9s par les directeurs provinciaux, qui seront charg\u00e9s de la mise en \u0153uvre des mesures proc\u00e9durales et organisationnelles de la campagne de vaccination, en coordination avec les autorit\u00e9s territoriales, ainsi que les services du minist\u00e8re de la Sant\u00e9.<\/p>\n<p>Ce plan s\u2019inscrit dans le cadre de la mise en application des Hautes Instructions Royales, consid\u00e9rant la souverainet\u00e9 sanitaire en tant qu\u2019une composante essentielle de la s\u00e9curit\u00e9 strat\u00e9gique du Royaume, et la mise en \u0153uvre de la strat\u00e9gie nationale adopt\u00e9e par le minist\u00e8re de la Sant\u00e9 visant \u00e0 acc\u00e9l\u00e9rer le rythme du processus national de vaccination contre la Covid-19 pour atteindre l\u2019immunit\u00e9 collective.<\/p>\n<p>Il s\u2019ins\u00e8re \u00e9galement dans le cadre des orientations du minist\u00e8re de l\u2019\u00c9ducation nationale, de la formation professionnelle, de l\u2019enseignement sup\u00e9rieur et de la recherche scientifique visant \u00e0 garantir une rentr\u00e9e scolaire 2021-2022 s\u00fbre et normale.<\/p>\n<p>The post <a rel=\"nofollow\" href=\"http:\/\/www.mapmarrakech.ma\/fr\/covid-19-43-centres-pour-la-vaccination-des-eleves\/\">Covid-19: 43 centres pour la vaccination des \u00e9l\u00e8ves<\/a> appeared first on <a rel=\"nofollow\" href=\"http:\/\/www.mapmarrakech.ma\/fr\">MapMarrakech<\/a>.<\/p>\n<\/div>\n<p>Auteur: Mohammed KOURSI<br \/>\n<a href=\"http:\/\/www.mapmarrakech.ma\/fr\/covid-19-43-centres-pour-la-vaccination-des-eleves\/\">Cliquez ici pour lire l&rsquo;article depuis sa source.<\/a><\/p>\n","protected":false},"excerpt":{"rendered":"<p>Six centres de vaccination seront ainsi am\u00e9nag\u00e9s \u00e0 Marrakech, Dix \u00e0 Al Haouz, quatre \u00e0 El Kela\u00e2 des Sraghna, cinq \u00e0 Chichaoua, cinq \u00e0 Rehamna, cinq \u00e0 Essaouira, quatre \u00e0 Safi et quatre \u00e0 Youssoufia, selon les donn\u00e9es de l\u2019AREF. Les centres de vaccination seront implant\u00e9s au sein des \u00e9tablissements d\u2019enseignement secondaire qui disposent d\u2019un [&hellip;]<\/p>\n","protected":false},"author":1788,"featured_media":0,"comment_status":"closed","ping_status":"closed","sticky":false,"template":"","format":"standard","meta":{"fifu_image_url":"http:\/\/www.mapmarrakech.ma\/map\/uploads\/2020\/09\/academie-education-RAK-Safi-copier.jpg","fifu_image_alt":"Covid-19: 43 centres pour la vaccination des \u00e9l\u00e8ves","footnotes":""},"categories":[54,76],"tags":[],"class_list":["post-125463","post","type-post","status-publish","format-standard","hentry","category-maroc","category-regions"],"_links":{"self":[{"href":"https:\/\/linitiative.ca\/International\/wp-json\/wp\/v2\/posts\/125463","targetHints":{"allow":["GET"]}}],"collection":[{"href":"https:\/\/linitiative.ca\/International\/wp-json\/wp\/v2\/posts"}],"about":[{"href":"https:\/\/linitiative.ca\/International\/wp-json\/wp\/v2\/types\/post"}],"author":[{"embeddable":true,"href":"https:\/\/linitiative.ca\/International\/wp-json\/wp\/v2\/users\/1788"}],"replies":[{"embeddable":true,"href":"https:\/\/linitiative.ca\/International\/wp-json\/wp\/v2\/comments?post=125463"}],"version-history":[{"count":0,"href":"https:\/\/linitiative.ca\/International\/wp-json\/wp\/v2\/posts\/125463\/revisions"}],"wp:attachment":[{"href":"https:\/\/linitiative.ca\/International\/wp-json\/wp\/v2\/media?parent=125463"}],"wp:term":[{"taxonomy":"category","embeddable":true,"href":"https:\/\/linitiative.ca\/International\/wp-json\/wp\/v2\/categories?post=125463"},{"taxonomy":"post_tag","embeddable":true,"href":"https:\/\/linitiative.ca\/International\/wp-json\/wp\/v2\/tags?post=125463"}],"curies":[{"name":"wp","href":"https:\/\/api.w.org\/{rel}","templated":true}]}}