{"id":125465,"date":"2021-08-29T06:52:11","date_gmt":"2021-08-29T10:52:11","guid":{"rendered":"https:\/\/linitiative.ca\/International\/vaccination-des-eleves-de-12-17-ans-43-centres-ouverts-a-marrakech-safi\/"},"modified":"2021-08-29T06:52:11","modified_gmt":"2021-08-29T10:52:11","slug":"vaccination-des-eleves-de-12-17-ans-43-centres-ouverts-a-marrakech-safi","status":"publish","type":"post","link":"https:\/\/linitiative.ca\/International\/vaccination-des-eleves-de-12-17-ans-43-centres-ouverts-a-marrakech-safi\/","title":{"rendered":"Vaccination des \u00e9l\u00e8ves de 12-17 ans: 43 centres ouverts \u00e0 Marrakech-Safi"},"content":{"rendered":"<div>\n<div class=\"field field-name-body field-type-text-with-summary field-label-hidden\">\n<div class=\"field-items\">\n<div class=\"field-item even\" property=\"content:encoded\">\n<p class=\"rtejustify\">Quelque 43 centres seront ouverts pour l&rsquo;op\u00e9ration de vaccination anti-Covid des \u00e9l\u00e8ves de 12 \u00e0 17 ans dans la r\u00e9gion de Marrakech-Safi. Selon l&rsquo;Acad\u00e9mie r\u00e9gionale de l&rsquo;\u00e9ducation et de la formation (AREF), six centres de vaccination seront ainsi am\u00e9nag\u00e9s \u00e0 Marrakech, dix\u00a0\u00e0 Al Haouz, quatre\u00a0\u00e0 El Kela\u00e2 des Sraghna, cinq \u00e0 Chichaoua, cinq \u00e0 Rhamna, cinq \u00e0 Essaouira, quatre \u00e0 Safi et quatre \u00e0 Youssoufia.<\/p>\n<\/div>\n<\/div>\n<\/div>\n<\/div>\n<p>Auteur: hgueye<br \/>\n<a href=\"https:\/\/www.leconomiste.com\/flash-infos\/vaccination-des-eleves-de-12-17-ans-43-centres-ouverts-marrakech-safi\">Cliquez ici pour lire l&rsquo;article depuis sa source.<\/a><\/p>\n","protected":false},"excerpt":{"rendered":"<p>Quelque 43 centres seront ouverts pour l&rsquo;op\u00e9ration de vaccination anti-Covid des \u00e9l\u00e8ves de 12 \u00e0 17 ans dans la r\u00e9gion de Marrakech-Safi. Selon l&rsquo;Acad\u00e9mie r\u00e9gionale de l&rsquo;\u00e9ducation et de la formation (AREF), six centres de vaccination seront ainsi am\u00e9nag\u00e9s \u00e0 Marrakech, dix\u00a0\u00e0 Al Haouz, quatre\u00a0\u00e0 El Kela\u00e2 des Sraghna, cinq \u00e0 Chichaoua, cinq \u00e0 Rhamna, [&hellip;]<\/p>\n","protected":false},"author":1763,"featured_media":0,"comment_status":"closed","ping_status":"closed","sticky":false,"template":"","format":"standard","meta":{"fifu_image_url":"","fifu_image_alt":"","footnotes":""},"categories":[78,54],"tags":[],"class_list":["post-125465","post","type-post","status-publish","format-standard","hentry","category-economie","category-maroc"],"_links":{"self":[{"href":"https:\/\/linitiative.ca\/International\/wp-json\/wp\/v2\/posts\/125465","targetHints":{"allow":["GET"]}}],"collection":[{"href":"https:\/\/linitiative.ca\/International\/wp-json\/wp\/v2\/posts"}],"about":[{"href":"https:\/\/linitiative.ca\/International\/wp-json\/wp\/v2\/types\/post"}],"author":[{"embeddable":true,"href":"https:\/\/linitiative.ca\/International\/wp-json\/wp\/v2\/users\/1763"}],"replies":[{"embeddable":true,"href":"https:\/\/linitiative.ca\/International\/wp-json\/wp\/v2\/comments?post=125465"}],"version-history":[{"count":0,"href":"https:\/\/linitiative.ca\/International\/wp-json\/wp\/v2\/posts\/125465\/revisions"}],"wp:attachment":[{"href":"https:\/\/linitiative.ca\/International\/wp-json\/wp\/v2\/media?parent=125465"}],"wp:term":[{"taxonomy":"category","embeddable":true,"href":"https:\/\/linitiative.ca\/International\/wp-json\/wp\/v2\/categories?post=125465"},{"taxonomy":"post_tag","embeddable":true,"href":"https:\/\/linitiative.ca\/International\/wp-json\/wp\/v2\/tags?post=125465"}],"curies":[{"name":"wp","href":"https:\/\/api.w.org\/{rel}","templated":true}]}}