{"id":125466,"date":"2021-08-29T07:22:57","date_gmt":"2021-08-29T11:22:57","guid":{"rendered":"https:\/\/linitiative.ca\/International\/fes-elections-les-graves-accusations-del-azami-contre-el-fayek\/"},"modified":"2021-08-29T07:22:57","modified_gmt":"2021-08-29T11:22:57","slug":"fes-elections-les-graves-accusations-del-azami-contre-el-fayek","status":"publish","type":"post","link":"https:\/\/linitiative.ca\/International\/fes-elections-les-graves-accusations-del-azami-contre-el-fayek\/","title":{"rendered":"F\u00e8s\/ Elections: Les graves accusations d&rsquo;El Azami contre El Fayek"},"content":{"rendered":"<div>\n<div class=\"field field-name-body field-type-text-with-summary field-label-hidden\">\n<div class=\"field-items\">\n<div class=\"field-item even\" property=\"content:encoded\">\n<p class=\"rtejustify\">Lors d\u2019une conf\u00e9rence de presse, tenue samedi au si\u00e8ge du PJD \u00e0 F\u00e8s, Driss El Azami El Idrissi a accus\u00e9 son rival, Rachid El Fayek (RNI), de consid\u00e9rer la commune d\u2019Ouled Tayeb comme sa \u00ab\u00a0chasse gard\u00e9e\u00a0\u00bb, o\u00f9 tout candidat aux \u00e9lections est \u00ab\u00a0menac\u00e9 par la milice de El Fayek\u00a0\u00bb.<\/p>\n<\/div>\n<\/div>\n<\/div>\n<\/div>\n<p>Auteur: hgueye<br \/>\n<a href=\"https:\/\/www.leconomiste.com\/flash-infos\/fes-elections-les-graves-accusations-d-el-azami-contre-el-fayek\">Cliquez ici pour lire l&rsquo;article depuis sa source.<\/a><\/p>\n","protected":false},"excerpt":{"rendered":"<p>Lors d\u2019une conf\u00e9rence de presse, tenue samedi au si\u00e8ge du PJD \u00e0 F\u00e8s, Driss El Azami El Idrissi a accus\u00e9 son rival, Rachid El Fayek (RNI), de consid\u00e9rer la commune d\u2019Ouled Tayeb comme sa \u00ab\u00a0chasse gard\u00e9e\u00a0\u00bb, o\u00f9 tout candidat aux \u00e9lections est \u00ab\u00a0menac\u00e9 par la milice de El Fayek\u00a0\u00bb. Auteur: hgueye Cliquez ici pour lire [&hellip;]<\/p>\n","protected":false},"author":1763,"featured_media":0,"comment_status":"closed","ping_status":"closed","sticky":false,"template":"","format":"standard","meta":{"fifu_image_url":"","fifu_image_alt":"","footnotes":""},"categories":[78,54],"tags":[],"class_list":["post-125466","post","type-post","status-publish","format-standard","hentry","category-economie","category-maroc"],"_links":{"self":[{"href":"https:\/\/linitiative.ca\/International\/wp-json\/wp\/v2\/posts\/125466","targetHints":{"allow":["GET"]}}],"collection":[{"href":"https:\/\/linitiative.ca\/International\/wp-json\/wp\/v2\/posts"}],"about":[{"href":"https:\/\/linitiative.ca\/International\/wp-json\/wp\/v2\/types\/post"}],"author":[{"embeddable":true,"href":"https:\/\/linitiative.ca\/International\/wp-json\/wp\/v2\/users\/1763"}],"replies":[{"embeddable":true,"href":"https:\/\/linitiative.ca\/International\/wp-json\/wp\/v2\/comments?post=125466"}],"version-history":[{"count":0,"href":"https:\/\/linitiative.ca\/International\/wp-json\/wp\/v2\/posts\/125466\/revisions"}],"wp:attachment":[{"href":"https:\/\/linitiative.ca\/International\/wp-json\/wp\/v2\/media?parent=125466"}],"wp:term":[{"taxonomy":"category","embeddable":true,"href":"https:\/\/linitiative.ca\/International\/wp-json\/wp\/v2\/categories?post=125466"},{"taxonomy":"post_tag","embeddable":true,"href":"https:\/\/linitiative.ca\/International\/wp-json\/wp\/v2\/tags?post=125466"}],"curies":[{"name":"wp","href":"https:\/\/api.w.org\/{rel}","templated":true}]}}