{"id":125467,"date":"2021-08-29T08:09:38","date_gmt":"2021-08-29T12:09:38","guid":{"rendered":"https:\/\/linitiative.ca\/International\/emirates-nomme-un-nouveau-country-manager-au-maroc\/"},"modified":"2021-08-29T08:09:38","modified_gmt":"2021-08-29T12:09:38","slug":"emirates-nomme-un-nouveau-country-manager-au-maroc","status":"publish","type":"post","link":"https:\/\/linitiative.ca\/International\/emirates-nomme-un-nouveau-country-manager-au-maroc\/","title":{"rendered":"Emirates nomme un nouveau country manager au Maroc"},"content":{"rendered":"<div>\n<div class=\"field field-name-body field-type-text-with-summary field-label-hidden\">\n<div class=\"field-items\">\n<div class=\"field-item even\" property=\"content:encoded\">\n<p class=\"rtejustify\">La compagnie a\u00e9rienne Emirates a annonc\u00e9, dimanche 29 ao\u00fbt, la nomination d\u2019un nouveau country manager au Maroc. Khalfan Al Salama prendra ses fonctions \u00e0 partir de 1er septembre prochain. Auparvant, il \u00e9tait country Manager au Soudan. Al Salama a int\u00e9gr\u00e9 Emirates en 2015, et a poursuivi sa formation \u00e0 Madrid avant d&rsquo;occuper le poste de directeur commercial au Kowe\u00eft.<\/p>\n<\/div>\n<\/div>\n<\/div>\n<\/div>\n<p>Auteur: hgueye<br \/>\n<a href=\"https:\/\/www.leconomiste.com\/flash-infos\/emirates-nomme-un-nouveau-country-manager-au-maroc\">Cliquez ici pour lire l&rsquo;article depuis sa source.<\/a><\/p>\n","protected":false},"excerpt":{"rendered":"<p>La compagnie a\u00e9rienne Emirates a annonc\u00e9, dimanche 29 ao\u00fbt, la nomination d\u2019un nouveau country manager au Maroc. Khalfan Al Salama prendra ses fonctions \u00e0 partir de 1er septembre prochain. Auparvant, il \u00e9tait country Manager au Soudan. Al Salama a int\u00e9gr\u00e9 Emirates en 2015, et a poursuivi sa formation \u00e0 Madrid avant d&rsquo;occuper le poste de [&hellip;]<\/p>\n","protected":false},"author":1763,"featured_media":0,"comment_status":"closed","ping_status":"closed","sticky":false,"template":"","format":"standard","meta":{"fifu_image_url":"","fifu_image_alt":"","footnotes":""},"categories":[78,54],"tags":[],"class_list":["post-125467","post","type-post","status-publish","format-standard","hentry","category-economie","category-maroc"],"_links":{"self":[{"href":"https:\/\/linitiative.ca\/International\/wp-json\/wp\/v2\/posts\/125467","targetHints":{"allow":["GET"]}}],"collection":[{"href":"https:\/\/linitiative.ca\/International\/wp-json\/wp\/v2\/posts"}],"about":[{"href":"https:\/\/linitiative.ca\/International\/wp-json\/wp\/v2\/types\/post"}],"author":[{"embeddable":true,"href":"https:\/\/linitiative.ca\/International\/wp-json\/wp\/v2\/users\/1763"}],"replies":[{"embeddable":true,"href":"https:\/\/linitiative.ca\/International\/wp-json\/wp\/v2\/comments?post=125467"}],"version-history":[{"count":0,"href":"https:\/\/linitiative.ca\/International\/wp-json\/wp\/v2\/posts\/125467\/revisions"}],"wp:attachment":[{"href":"https:\/\/linitiative.ca\/International\/wp-json\/wp\/v2\/media?parent=125467"}],"wp:term":[{"taxonomy":"category","embeddable":true,"href":"https:\/\/linitiative.ca\/International\/wp-json\/wp\/v2\/categories?post=125467"},{"taxonomy":"post_tag","embeddable":true,"href":"https:\/\/linitiative.ca\/International\/wp-json\/wp\/v2\/tags?post=125467"}],"curies":[{"name":"wp","href":"https:\/\/api.w.org\/{rel}","templated":true}]}}