{"id":125471,"date":"2021-08-29T12:25:00","date_gmt":"2021-08-29T16:25:00","guid":{"rendered":"https:\/\/linitiative.ca\/International\/la-conference-de-presse-de-belmadi-reportee\/"},"modified":"2021-08-29T12:25:00","modified_gmt":"2021-08-29T16:25:00","slug":"la-conference-de-presse-de-belmadi-reportee","status":"publish","type":"post","link":"https:\/\/linitiative.ca\/International\/la-conference-de-presse-de-belmadi-reportee\/","title":{"rendered":"La conf\u00e9rence de presse de Belmadi report\u00e9e"},"content":{"rendered":"<div>La FAF a indiqu\u00e9 que cette conf\u00e9rence de presse aura lieu \u00e0 l\u2019auditorium Omar Kezzal du Centre technique national (CTN) de Sidi Moussa&#8230;<img loading=\"lazy\" decoding=\"async\" src=\"http:\/\/feeds.feedburner.com\/~r\/GalerieFArtciles\/~4\/7b70sni8xJA\" height=\"1\" width=\"1\" alt=\"\"><\/div>\n<p>Auteur:<br \/>\n<a href=\"http:\/\/www.lebuteur.com\/article\/detail?titre=la-conference-de-presse-de-belmadi-reportee&#038;id=100975&#038;utm_source=feedburner&#038;utm_medium=feed&#038;utm_campaign=Feed%3A+GalerieFArtciles+%28Les+derniers+articles++-+lebuteur.com%29\">Cliquez ici pour lire l&rsquo;article depuis sa source.<\/a><\/p>\n","protected":false},"excerpt":{"rendered":"<p>La FAF a indiqu\u00e9 que cette conf\u00e9rence de presse aura lieu \u00e0 l\u2019auditorium Omar Kezzal du Centre technique national (CTN) de Sidi Moussa&#8230; Auteur: Cliquez ici pour lire l&rsquo;article depuis sa source.<\/p>\n","protected":false},"author":1738,"featured_media":0,"comment_status":"closed","ping_status":"closed","sticky":false,"template":"","format":"standard","meta":{"fifu_image_url":"http:\/\/feeds.feedburner.com\/~r\/GalerieFArtciles\/~4\/7b70sni8xJA","fifu_image_alt":"La conf\u00e9rence de presse de Belmadi report\u00e9e","footnotes":""},"categories":[53,75],"tags":[],"class_list":["post-125471","post","type-post","status-publish","format-standard","hentry","category-algerie","category-sport"],"_links":{"self":[{"href":"https:\/\/linitiative.ca\/International\/wp-json\/wp\/v2\/posts\/125471","targetHints":{"allow":["GET"]}}],"collection":[{"href":"https:\/\/linitiative.ca\/International\/wp-json\/wp\/v2\/posts"}],"about":[{"href":"https:\/\/linitiative.ca\/International\/wp-json\/wp\/v2\/types\/post"}],"author":[{"embeddable":true,"href":"https:\/\/linitiative.ca\/International\/wp-json\/wp\/v2\/users\/1738"}],"replies":[{"embeddable":true,"href":"https:\/\/linitiative.ca\/International\/wp-json\/wp\/v2\/comments?post=125471"}],"version-history":[{"count":0,"href":"https:\/\/linitiative.ca\/International\/wp-json\/wp\/v2\/posts\/125471\/revisions"}],"wp:attachment":[{"href":"https:\/\/linitiative.ca\/International\/wp-json\/wp\/v2\/media?parent=125471"}],"wp:term":[{"taxonomy":"category","embeddable":true,"href":"https:\/\/linitiative.ca\/International\/wp-json\/wp\/v2\/categories?post=125471"},{"taxonomy":"post_tag","embeddable":true,"href":"https:\/\/linitiative.ca\/International\/wp-json\/wp\/v2\/tags?post=125471"}],"curies":[{"name":"wp","href":"https:\/\/api.w.org\/{rel}","templated":true}]}}