{"id":125474,"date":"2021-08-29T06:35:43","date_gmt":"2021-08-29T10:35:43","guid":{"rendered":"https:\/\/linitiative.ca\/International\/boualem-amoura-president-du-syndicat-autonome-des-travailleurs-de-leducation-et-de-la-formation-satef-il-faut-recruter-des-enseignants-sinon-nous-irons-droit-a-une-explosion\/"},"modified":"2021-08-29T06:35:43","modified_gmt":"2021-08-29T10:35:43","slug":"boualem-amoura-president-du-syndicat-autonome-des-travailleurs-de-leducation-et-de-la-formation-satef-il-faut-recruter-des-enseignants-sinon-nous-irons-droit-a-une-explosion","status":"publish","type":"post","link":"https:\/\/linitiative.ca\/International\/boualem-amoura-president-du-syndicat-autonome-des-travailleurs-de-leducation-et-de-la-formation-satef-il-faut-recruter-des-enseignants-sinon-nous-irons-droit-a-une-explosion\/","title":{"rendered":"Boualem Amoura. Pr\u00e9sident du Syndicat autonome des travailleurs de l\u2019\u00e9ducation et de la formation (Satef)  : \u00abIl faut recruter des enseignants, sinon nous irons droit \u00e0 une explosion\u00bb"},"content":{"rendered":"<div>\n<div class=\"sriret\"><img loading=\"lazy\" decoding=\"async\" width=\"700\" height=\"510\" src=\"https:\/\/linitiative.ca\/International\/wp-content\/uploads\/sites\/23\/2021\/08\/Boualem-Amoura..jpg\" class=\"attachment-featured_large size-featured_large wp-post-image\" alt=\"Boualem Amoura. Pr\u00e9sident du Satef : \u00abLa ministre n\u2019a pas les coud\u00e9es franches\u00bb\" style=\"margin-bottom: 15px;\" srcset=\"https:\/\/linitiative.ca\/International\/wp-content\/uploads\/sites\/23\/2021\/08\/Boualem-Amoura..jpg 700w, https:\/\/www.elwatan.com\/wp-content\/uploads\/2018\/09\/Boualem-Amoura.-300x219.jpg 300w\" sizes=\"auto, (max-width: 700px) 100vw, 700px\"><\/div>\n<p class=\"p3\"><span class=\"s1\"><b><i>-Que pensez-vous du nouveau planning de scolarisation annonc\u00e9 par le minist\u00e8re de l\u2019Education\u00a0? <\/i><\/b><\/span><\/p>\n<p class=\"p3\"><span class=\"s1\">La feuille de route annonce le maintien du syst\u00e8me de travail par groupe mais en r\u00e9am\u00e9nageant le volume horaire. Nous passons ainsi d\u2019une s\u00e9ance de 45 minutes l\u2019ann\u00e9e pass\u00e9e \u00e0 une s\u00e9ance de 60 minutes. J\u2019estime que cela repr\u00e9sente un volume horaire charg\u00e9 pour l\u2019enseignant, appel\u00e9 \u00e0 prendre en charge les deux groupes qui s\u2019alternent en semaine. Une moyenne de 32 heures\/semaine pour un enseignant ne peut \u00eatre accept\u00e9e alors qu\u2019avec le m\u00eame protocole sanitaire et les mesures exceptionnelles de l\u2019ann\u00e9e pass\u00e9e, nous avons assur\u00e9 les 24 heures hebdomadaires. L\u2019enseignant sera satur\u00e9 et surcharg\u00e9. Nous n\u2019avons qu\u2019\u00e0 appliquer la loi. Tout d\u00e9bordement du volume horaire hebdomadaire normal pour l\u2019enseignant (soit 18h pour le secondaire, 22h pour le moyen et 28h pour le primaire) est consid\u00e9r\u00e9 comme des heures suppl\u00e9mentaires. En plus, toute heure suppl\u00e9mentaire \u00e9gale<\/span> <span class=\"s1\">ou d\u00e9passant 10 heures par semaine engendre automatiquement la cr\u00e9ation de poste budg\u00e9taire. Nous demandons alors l\u2019ouverture de postes et le recrutement d\u2019enseignants ou du moins des vacations. <\/span><\/p>\n<p class=\"p3\"><span class=\"s1\">L\u2019ann\u00e9e pass\u00e9e, beaucoup d\u2019enseignants ont accept\u00e9 le rythme qui \u00e9tait pourtant moins intense que celui qui vient d\u2019\u00eatre annonc\u00e9. D\u2019ailleurs, \u00e0 l\u2019\u00e9poque,<\/span> <span class=\"s1\">beaucoup d\u2019arr\u00eats de travail \u00e9taient enregistr\u00e9s. Il faut recruter des enseignants, sinon nous irons droit \u00e0 une explosion. Il y avait pourtant un concours de recrutement annonc\u00e9. On n\u2019en parle plus\u00a0! N\u00e9anmoins, le point positif dans cette nouvelle scolarisation est le retour au syst\u00e8me trimestriel. Les sp\u00e9cialistes du rythme scolaire ont toujours recommand\u00e9 d\u2019accorder un repos de deux semaines apr\u00e8s six semaines de travail. <\/span><\/p>\n<p class=\"p3\">*Retrouvez l\u2019inte\u0301gralite\u0301 de nos articles sur la version papier<\/p>\n<p>L\u2019article <a rel=\"nofollow\" href=\"https:\/\/www.elwatan.com\/edition\/actualite\/boualem-amoura-president-du-syndicat-autonome-des-travailleurs-de-leducation-et-de-la-formation-satef-il-faut-recruter-des-enseignants-sinon-nous-irons-droit-a-une-explosion-29-08-2021\">Boualem Amoura. Pr\u00e9sident du Syndicat autonome des travailleurs de l\u2019\u00e9ducation et de la formation (Satef)  : \u00abIl faut recruter des enseignants, sinon nous irons droit \u00e0 une explosion\u00bb<\/a> est apparu en premier sur <a rel=\"nofollow\" href=\"https:\/\/www.elwatan.com\/\">El Watan<\/a>.<\/p>\n<\/div>\n<p>Auteur: Hicham Chouadria<br \/>\n<a href=\"https:\/\/www.elwatan.com\/edition\/actualite\/boualem-amoura-president-du-syndicat-autonome-des-travailleurs-de-leducation-et-de-la-formation-satef-il-faut-recruter-des-enseignants-sinon-nous-irons-droit-a-une-explosion-29-08-2021\">Cliquez ici pour lire l&rsquo;article depuis sa source.<\/a><\/p>\n","protected":false},"excerpt":{"rendered":"<p>-Que pensez-vous du nouveau planning de scolarisation annonc\u00e9 par le minist\u00e8re de l\u2019Education\u00a0? La feuille de route annonce le maintien du syst\u00e8me de travail par groupe mais en r\u00e9am\u00e9nageant le volume horaire. Nous passons ainsi d\u2019une s\u00e9ance de 45 minutes l\u2019ann\u00e9e pass\u00e9e \u00e0 une s\u00e9ance de 60 minutes. J\u2019estime que cela repr\u00e9sente un volume horaire [&hellip;]<\/p>\n","protected":false},"author":1743,"featured_media":0,"comment_status":"closed","ping_status":"closed","sticky":false,"template":"","format":"standard","meta":{"fifu_image_url":"https:\/\/www.elwatan.com\/wp-content\/uploads\/2018\/09\/Boualem-Amoura..jpg","fifu_image_alt":"Boualem Amoura. Pr\u00e9sident du Syndicat autonome des travailleurs de l\u2019\u00e9ducation et de la formation (Satef)  : \u00abIl faut recruter des enseignants, sinon nous irons droit \u00e0 une explosion\u00bb","footnotes":""},"categories":[73,53],"tags":[],"class_list":["post-125474","post","type-post","status-publish","format-standard","hentry","category-actualite","category-algerie"],"_links":{"self":[{"href":"https:\/\/linitiative.ca\/International\/wp-json\/wp\/v2\/posts\/125474","targetHints":{"allow":["GET"]}}],"collection":[{"href":"https:\/\/linitiative.ca\/International\/wp-json\/wp\/v2\/posts"}],"about":[{"href":"https:\/\/linitiative.ca\/International\/wp-json\/wp\/v2\/types\/post"}],"author":[{"embeddable":true,"href":"https:\/\/linitiative.ca\/International\/wp-json\/wp\/v2\/users\/1743"}],"replies":[{"embeddable":true,"href":"https:\/\/linitiative.ca\/International\/wp-json\/wp\/v2\/comments?post=125474"}],"version-history":[{"count":0,"href":"https:\/\/linitiative.ca\/International\/wp-json\/wp\/v2\/posts\/125474\/revisions"}],"wp:attachment":[{"href":"https:\/\/linitiative.ca\/International\/wp-json\/wp\/v2\/media?parent=125474"}],"wp:term":[{"taxonomy":"category","embeddable":true,"href":"https:\/\/linitiative.ca\/International\/wp-json\/wp\/v2\/categories?post=125474"},{"taxonomy":"post_tag","embeddable":true,"href":"https:\/\/linitiative.ca\/International\/wp-json\/wp\/v2\/tags?post=125474"}],"curies":[{"name":"wp","href":"https:\/\/api.w.org\/{rel}","templated":true}]}}