{"id":125476,"date":"2021-08-29T06:39:45","date_gmt":"2021-08-29T10:39:45","guid":{"rendered":"https:\/\/linitiative.ca\/International\/une-deuxieme-annee-scolaire-marquee-par-la-crise-sanitaire-le-volume-horaire-inquiete-les-enseignants\/"},"modified":"2021-08-29T06:39:45","modified_gmt":"2021-08-29T10:39:45","slug":"une-deuxieme-annee-scolaire-marquee-par-la-crise-sanitaire-le-volume-horaire-inquiete-les-enseignants","status":"publish","type":"post","link":"https:\/\/linitiative.ca\/International\/une-deuxieme-annee-scolaire-marquee-par-la-crise-sanitaire-le-volume-horaire-inquiete-les-enseignants\/","title":{"rendered":"Une deuxi\u00e8me ann\u00e9e scolaire marqu\u00e9e par la crise sanitaire : Le volume horaire inqui\u00e8te les enseignants"},"content":{"rendered":"<div>\n<div class=\"sriret\"><img loading=\"lazy\" decoding=\"async\" width=\"1500\" height=\"891\" src=\"https:\/\/linitiative.ca\/International\/wp-content\/uploads\/sites\/23\/2021\/08\/Ecole.jpg\" class=\"attachment-featured_large size-featured_large wp-post-image\" alt=\"\" style=\"margin-bottom: 15px;\" srcset=\"https:\/\/linitiative.ca\/International\/wp-content\/uploads\/sites\/23\/2021\/08\/Ecole.jpg 1500w, https:\/\/www.elwatan.com\/wp-content\/uploads\/2020\/11\/Ecole-300x178.jpg 300w, https:\/\/www.elwatan.com\/wp-content\/uploads\/2020\/11\/Ecole-768x456.jpg 768w, https:\/\/www.elwatan.com\/wp-content\/uploads\/2020\/11\/Ecole-1024x608.jpg 1024w, https:\/\/www.elwatan.com\/wp-content\/uploads\/2020\/11\/Ecole-1320x784.jpg 1320w\" sizes=\"auto, (max-width: 1500px) 100vw, 1500px\"><\/div>\n<p class=\"p1\"><span class=\"s1\"><b>U<\/b><\/span><span class=\"s1\">ne crainte, un m\u00e9contentement et surtout de la col\u00e8re. Les syndicats de l\u2019\u00e9ducation ne sont pas d\u2019accord sur la feuille de route de scolarisation exceptionnelle adopt\u00e9e par le minist\u00e8re de l\u2019Education nationale. Un d\u00e9tail phare soulev\u00e9 par la corporation\u00a0: le volume horaire impos\u00e9 aux enseignants tous paliers confondus est jug\u00e9 <i>\u00abinapplicable\u00bb. \u00abInacceptable\u00bb<\/i>, voire <i>\u00abinfaisable et irr\u00e9alisable\u00bb<\/i>. M\u00eame si le syst\u00e8me de travail par groupe, adopt\u00e9 pour la deuxi\u00e8me ann\u00e9e cons\u00e9cutive, n\u2019est pas totalement critiqu\u00e9, vu la situation sanitaire, la charge impos\u00e9e aux enseignants pourrait \u00eatre un <i>\u00abfacteur d\u2019explosion\u00bb<\/i> \u00e0 la rentr\u00e9e. Comme l\u2019ann\u00e9e pass\u00e9e, les m\u00eames conditions sanitaires seront reconduites, le cours durera une heure au lieu de 45 minutes. Autrement dit, l\u2019enseignant du coll\u00e8ge, par exemple, \u00e0 ce rythme, sera appel\u00e9 \u00e0 assurer 32 heures de cours par semaine, ce qui d\u00e9passe un volume horaire normal.<\/span><\/p>\n<p>\u00a0<\/p>\n<p>*Retrouvez l\u2019inte\u0301gralite\u0301 de nos articles sur la version papier<\/p>\n<p>L\u2019article <a rel=\"nofollow\" href=\"https:\/\/www.elwatan.com\/edition\/actualite\/une-deuxieme-annee-scolaire-marquee-par-la-crise-sanitaire-le-volume-horaire-inquiete-les-enseignants-29-08-2021\">Une deuxi\u00e8me ann\u00e9e scolaire marqu\u00e9e par la crise sanitaire : Le volume horaire inqui\u00e8te les enseignants<\/a> est apparu en premier sur <a rel=\"nofollow\" href=\"https:\/\/www.elwatan.com\/\">El Watan<\/a>.<\/p>\n<\/div>\n<p>Auteur: Hicham Chouadria<br \/>\n<a href=\"https:\/\/www.elwatan.com\/edition\/actualite\/une-deuxieme-annee-scolaire-marquee-par-la-crise-sanitaire-le-volume-horaire-inquiete-les-enseignants-29-08-2021\">Cliquez ici pour lire l&rsquo;article depuis sa source.<\/a><\/p>\n","protected":false},"excerpt":{"rendered":"<p>Une crainte, un m\u00e9contentement et surtout de la col\u00e8re. Les syndicats de l\u2019\u00e9ducation ne sont pas d\u2019accord sur la feuille de route de scolarisation exceptionnelle adopt\u00e9e par le minist\u00e8re de l\u2019Education nationale. Un d\u00e9tail phare soulev\u00e9 par la corporation\u00a0: le volume horaire impos\u00e9 aux enseignants tous paliers confondus est jug\u00e9 \u00abinapplicable\u00bb. \u00abInacceptable\u00bb, voire \u00abinfaisable et [&hellip;]<\/p>\n","protected":false},"author":1743,"featured_media":0,"comment_status":"closed","ping_status":"closed","sticky":false,"template":"","format":"standard","meta":{"fifu_image_url":"https:\/\/www.elwatan.com\/wp-content\/uploads\/2020\/11\/Ecole.jpg","fifu_image_alt":"Une deuxi\u00e8me ann\u00e9e scolaire marqu\u00e9e par la crise sanitaire : Le volume horaire inqui\u00e8te les enseignants","footnotes":""},"categories":[73,53],"tags":[],"class_list":["post-125476","post","type-post","status-publish","format-standard","hentry","category-actualite","category-algerie"],"_links":{"self":[{"href":"https:\/\/linitiative.ca\/International\/wp-json\/wp\/v2\/posts\/125476","targetHints":{"allow":["GET"]}}],"collection":[{"href":"https:\/\/linitiative.ca\/International\/wp-json\/wp\/v2\/posts"}],"about":[{"href":"https:\/\/linitiative.ca\/International\/wp-json\/wp\/v2\/types\/post"}],"author":[{"embeddable":true,"href":"https:\/\/linitiative.ca\/International\/wp-json\/wp\/v2\/users\/1743"}],"replies":[{"embeddable":true,"href":"https:\/\/linitiative.ca\/International\/wp-json\/wp\/v2\/comments?post=125476"}],"version-history":[{"count":0,"href":"https:\/\/linitiative.ca\/International\/wp-json\/wp\/v2\/posts\/125476\/revisions"}],"wp:attachment":[{"href":"https:\/\/linitiative.ca\/International\/wp-json\/wp\/v2\/media?parent=125476"}],"wp:term":[{"taxonomy":"category","embeddable":true,"href":"https:\/\/linitiative.ca\/International\/wp-json\/wp\/v2\/categories?post=125476"},{"taxonomy":"post_tag","embeddable":true,"href":"https:\/\/linitiative.ca\/International\/wp-json\/wp\/v2\/tags?post=125476"}],"curies":[{"name":"wp","href":"https:\/\/api.w.org\/{rel}","templated":true}]}}