{"id":125480,"date":"2021-08-29T07:32:54","date_gmt":"2021-08-29T11:32:54","guid":{"rendered":"https:\/\/linitiative.ca\/International\/justice-remise-en-liberte-de-nordine-ait-hamouda\/"},"modified":"2021-08-29T07:32:54","modified_gmt":"2021-08-29T11:32:54","slug":"justice-remise-en-liberte-de-nordine-ait-hamouda","status":"publish","type":"post","link":"https:\/\/linitiative.ca\/International\/justice-remise-en-liberte-de-nordine-ait-hamouda\/","title":{"rendered":"Justice\u00a0: Remise en libert\u00e9 de Nordine Ait Hamouda"},"content":{"rendered":"<div>\n<div class=\"sriret\"><img decoding=\"async\" src=\"https:\/\/linitiative.ca\/International\/wp-content\/uploads\/sites\/23\/2021\/08\/default-picture-709x366_c-67.jpg\"><\/div>\n<p>Amrane Ait Hamouda dit Nordine a \u00e9t\u00e9 remis en libert\u00e9 aujourd\u2019hui. \u00abLa chambre d\u2019accusation (Cour de Ruisseau d\u2019Alger) vient de prononcer ce 29 Ao\u00fbt 2021 la mise en libert\u00e9 provisoire de Amrane Ait Hamouda dit Nordine\u00bb, a indiqu\u00e9 le Comit\u00e9 national pour la lib\u00e9ration des d\u00e9tenus (CNLD).<\/p>\n<p>Ait Hamouda avait \u00e9t\u00e9 plac\u00e9 sous mandat de d\u00e9p\u00f4t par le juge d\u2019instruction du tribunal Sidi M\u2019hamed d\u2019Alger, le Dimanche 27 Juin 2021. Il est poursuivi pour \u00abatteinte aux symboles de l\u2019\u00c9tat et de la r\u00e9volution, atteinte \u00e0 un ancien pr\u00e9sident de la R\u00e9publique, atteinte \u00e0 l\u2019unit\u00e9 nationale, incitation \u00e0 la haine et discrimination raciale\u00bb. Les propos, pour lesquels il s\u2019est retrouv\u00e9 devant le tribunal, il les avait tenu le 17 juin dernier lors d\u2019une \u00e9mission diffus\u00e9e par la chaine de t\u00e9l\u00e9vision El Hayet, qui avait d\u2019ailleurs \u00e9t\u00e9 suspendu durant une semaine. Il s\u2019\u00e9tait exprim\u00e9 sur l\u2019Emir Abdelkader et l\u2019ancien Pr\u00e9sident, Houari Boumedienne, entre autre. Ce qui avait provoqu\u00e9 une pol\u00e9mique.<\/p>\n<p>\u00a0<\/p>\n<p>\u00a0<\/p>\n<p>L\u2019article <a rel=\"nofollow\" href=\"https:\/\/www.elwatan.com\/edition\/actualite\/justice-remise-en-liberte-de-nordine-ait-hamouda-29-08-2021\">Justice\u00a0: Remise en libert\u00e9 de Nordine Ait Hamouda<\/a> est apparu en premier sur <a rel=\"nofollow\" href=\"https:\/\/www.elwatan.com\/\">El Watan<\/a>.<\/p>\n<\/div>\n<p>Auteur: Abdelghani Aichoun<br \/>\n<a href=\"https:\/\/www.elwatan.com\/edition\/actualite\/justice-remise-en-liberte-de-nordine-ait-hamouda-29-08-2021\">Cliquez ici pour lire l&rsquo;article depuis sa source.<\/a><\/p>\n","protected":false},"excerpt":{"rendered":"<p>Amrane Ait Hamouda dit Nordine a \u00e9t\u00e9 remis en libert\u00e9 aujourd\u2019hui. \u00abLa chambre d\u2019accusation (Cour de Ruisseau d\u2019Alger) vient de prononcer ce 29 Ao\u00fbt 2021 la mise en libert\u00e9 provisoire de Amrane Ait Hamouda dit Nordine\u00bb, a indiqu\u00e9 le Comit\u00e9 national pour la lib\u00e9ration des d\u00e9tenus (CNLD). Ait Hamouda avait \u00e9t\u00e9 plac\u00e9 sous mandat de [&hellip;]<\/p>\n","protected":false},"author":1743,"featured_media":0,"comment_status":"closed","ping_status":"closed","sticky":false,"template":"","format":"standard","meta":{"fifu_image_url":"https:\/\/www.elwatan.com\/wp-content\/themes\/spectr\/img\/default-picture-709x366_c.jpg","fifu_image_alt":"Justice\u00a0: Remise en libert\u00e9 de Nordine Ait Hamouda","footnotes":""},"categories":[73,53],"tags":[],"class_list":["post-125480","post","type-post","status-publish","format-standard","hentry","category-actualite","category-algerie"],"_links":{"self":[{"href":"https:\/\/linitiative.ca\/International\/wp-json\/wp\/v2\/posts\/125480","targetHints":{"allow":["GET"]}}],"collection":[{"href":"https:\/\/linitiative.ca\/International\/wp-json\/wp\/v2\/posts"}],"about":[{"href":"https:\/\/linitiative.ca\/International\/wp-json\/wp\/v2\/types\/post"}],"author":[{"embeddable":true,"href":"https:\/\/linitiative.ca\/International\/wp-json\/wp\/v2\/users\/1743"}],"replies":[{"embeddable":true,"href":"https:\/\/linitiative.ca\/International\/wp-json\/wp\/v2\/comments?post=125480"}],"version-history":[{"count":0,"href":"https:\/\/linitiative.ca\/International\/wp-json\/wp\/v2\/posts\/125480\/revisions"}],"wp:attachment":[{"href":"https:\/\/linitiative.ca\/International\/wp-json\/wp\/v2\/media?parent=125480"}],"wp:term":[{"taxonomy":"category","embeddable":true,"href":"https:\/\/linitiative.ca\/International\/wp-json\/wp\/v2\/categories?post=125480"},{"taxonomy":"post_tag","embeddable":true,"href":"https:\/\/linitiative.ca\/International\/wp-json\/wp\/v2\/tags?post=125480"}],"curies":[{"name":"wp","href":"https:\/\/api.w.org\/{rel}","templated":true}]}}