{"id":125482,"date":"2021-08-29T09:36:05","date_gmt":"2021-08-29T13:36:05","guid":{"rendered":"https:\/\/linitiative.ca\/International\/cour-dalger-le-proces-de-mahieddine-tahkout-reporte-au-19-septembre\/"},"modified":"2021-08-29T09:36:05","modified_gmt":"2021-08-29T13:36:05","slug":"cour-dalger-le-proces-de-mahieddine-tahkout-reporte-au-19-septembre","status":"publish","type":"post","link":"https:\/\/linitiative.ca\/International\/cour-dalger-le-proces-de-mahieddine-tahkout-reporte-au-19-septembre\/","title":{"rendered":"Cour d\u2019Alger : le proc\u00e8s de Mahieddine Tahkout report\u00e9 au 19 septembre"},"content":{"rendered":"<div>\n<div class=\"sriret\"><img decoding=\"async\" src=\"https:\/\/linitiative.ca\/International\/wp-content\/uploads\/sites\/23\/2021\/08\/default-picture-709x366_c-68.jpg\"><\/div>\n<p>La Cour d\u2019Alger a report\u00e9 dimanche le proc\u00e8s de l\u2019homme d\u2019affaires Mahieddine Tahkout, poursuivi pour corruption aux c\u00f4t\u00e9s d\u2019anciens responsables, au 19 septembre prochain \u00e0 la demande du collectif de d\u00e9fense.<\/p>\n<p>L\u2019affaire a \u00e9t\u00e9 r\u00e9inscrite au r\u00f4le de la sixi\u00e8me chambre p\u00e9nale de la Cour d\u2019Alger, apr\u00e8s que la Cour supr\u00eame a rejet\u00e9, en mai dernier, tous les recours introduits par les accus\u00e9s et accept\u00e9 celui du parquet g\u00e9n\u00e9ral concernant la d\u00e9cision rendue pour certaines accusations et la peine prononc\u00e9e pour certains accus\u00e9s le 18 novembre dernier. Les pourvois en cassation pr\u00e9sent\u00e9s par les parties civiles et le juriste du Tr\u00e9sor public ont \u00e9t\u00e9 accept\u00e9s dans la forme et dans le fond. Le 18 novembre dernier, la Cour d\u2019Alger avait condamn\u00e9 l\u2019homme d\u2019affaires Mahieddine Tahkout \u00e0 quatorze (14) ans de prison ferme et les anciens Premiers ministres Ahmed Ouyahia et Abdelmalek Sellal \u00e0 une peine de cinq (5) ans de prison ferme. Les anciens ministres Youcef Yousfi et Amar Ghoul ont \u00e9cop\u00e9 de dix-huit (18) mois de prison avec sursis et l\u2019ancien ministre Abdelghani Za\u00e2lane a \u00e9t\u00e9 acquitt\u00e9.<\/p>\n<p>\u00a0<\/p>\n<p>L\u2019article <a rel=\"nofollow\" href=\"https:\/\/www.elwatan.com\/edition\/actualite\/cour-dalger-le-proces-de-mahieddine-tahkout-reporte-au-19-septembre-29-08-2021\">Cour d\u2019Alger : le proc\u00e8s de Mahieddine Tahkout report\u00e9 au 19 septembre<\/a> est apparu en premier sur <a rel=\"nofollow\" href=\"https:\/\/www.elwatan.com\/\">El Watan<\/a>.<\/p>\n<\/div>\n<p>Auteur: Abdelghani Aichoun<br \/>\n<a href=\"https:\/\/www.elwatan.com\/edition\/actualite\/cour-dalger-le-proces-de-mahieddine-tahkout-reporte-au-19-septembre-29-08-2021\">Cliquez ici pour lire l&rsquo;article depuis sa source.<\/a><\/p>\n","protected":false},"excerpt":{"rendered":"<p>La Cour d\u2019Alger a report\u00e9 dimanche le proc\u00e8s de l\u2019homme d\u2019affaires Mahieddine Tahkout, poursuivi pour corruption aux c\u00f4t\u00e9s d\u2019anciens responsables, au 19 septembre prochain \u00e0 la demande du collectif de d\u00e9fense. L\u2019affaire a \u00e9t\u00e9 r\u00e9inscrite au r\u00f4le de la sixi\u00e8me chambre p\u00e9nale de la Cour d\u2019Alger, apr\u00e8s que la Cour supr\u00eame a rejet\u00e9, en mai [&hellip;]<\/p>\n","protected":false},"author":1743,"featured_media":0,"comment_status":"closed","ping_status":"closed","sticky":false,"template":"","format":"standard","meta":{"fifu_image_url":"https:\/\/www.elwatan.com\/wp-content\/themes\/spectr\/img\/default-picture-709x366_c.jpg","fifu_image_alt":"Cour d\u2019Alger : le proc\u00e8s de Mahieddine Tahkout report\u00e9 au 19 septembre","footnotes":""},"categories":[73,53],"tags":[],"class_list":["post-125482","post","type-post","status-publish","format-standard","hentry","category-actualite","category-algerie"],"_links":{"self":[{"href":"https:\/\/linitiative.ca\/International\/wp-json\/wp\/v2\/posts\/125482","targetHints":{"allow":["GET"]}}],"collection":[{"href":"https:\/\/linitiative.ca\/International\/wp-json\/wp\/v2\/posts"}],"about":[{"href":"https:\/\/linitiative.ca\/International\/wp-json\/wp\/v2\/types\/post"}],"author":[{"embeddable":true,"href":"https:\/\/linitiative.ca\/International\/wp-json\/wp\/v2\/users\/1743"}],"replies":[{"embeddable":true,"href":"https:\/\/linitiative.ca\/International\/wp-json\/wp\/v2\/comments?post=125482"}],"version-history":[{"count":0,"href":"https:\/\/linitiative.ca\/International\/wp-json\/wp\/v2\/posts\/125482\/revisions"}],"wp:attachment":[{"href":"https:\/\/linitiative.ca\/International\/wp-json\/wp\/v2\/media?parent=125482"}],"wp:term":[{"taxonomy":"category","embeddable":true,"href":"https:\/\/linitiative.ca\/International\/wp-json\/wp\/v2\/categories?post=125482"},{"taxonomy":"post_tag","embeddable":true,"href":"https:\/\/linitiative.ca\/International\/wp-json\/wp\/v2\/tags?post=125482"}],"curies":[{"name":"wp","href":"https:\/\/api.w.org\/{rel}","templated":true}]}}