{"id":125484,"date":"2021-08-29T16:07:00","date_gmt":"2021-08-29T20:07:00","guid":{"rendered":"https:\/\/linitiative.ca\/International\/lamiral-habib-fedhila-est-decede\/"},"modified":"2021-08-29T16:07:00","modified_gmt":"2021-08-29T20:07:00","slug":"lamiral-habib-fedhila-est-decede","status":"publish","type":"post","link":"https:\/\/linitiative.ca\/International\/lamiral-habib-fedhila-est-decede\/","title":{"rendered":"L\u2019Amiral Habib Fedhila est d\u00e9c\u00e9d\u00e9"},"content":{"rendered":"<div><img decoding=\"async\" src=\"https:\/\/linitiative.ca\/International\/wp-content\/uploads\/sites\/23\/2021\/08\/1630264028_article.jpg\" alt=\"L\u2019Amiral Habib Fedhila est d\u00e9c\u00e9d\u00e9\" align=\"left\">L\u2019Amiral Habib Fedhila, ancien chef d\u2019\u00e9tat-major de la marine nationale tunisienne est d\u00e9c\u00e9d\u00e9 dimanche apr\u00e8s-midi, apprend Leaders.<br \/>\nLes obs\u00e8ques auront lieu \u00e0 Kssour Essaf, le lundi 30 ao\u00fbt 2021 apr\u00e8s la pri\u00e8re du Dhohr \u00e0 la mosqu\u00e9e Sidi Edhaher.<br \/>\nLe cort\u00e8ge fun\u00e8bre quittera son domicile sis au n\u00b07 rue Imam El Ouzai, El Menzah 4. Tunis \u00e0 8h 30 du matin.<br \/>\n\u00a0<\/p>\n<\/div>\n<p>Auteur:<br \/>\n<a href=\"https:\/\/www.leaders.com.tn\/article\/32341-l-amiral-habib-fedhila-est-decede\">Cliquez ici pour lire l&rsquo;article depuis sa source.<\/a><\/p>\n","protected":false},"excerpt":{"rendered":"<p>L\u2019Amiral Habib Fedhila, ancien chef d\u2019\u00e9tat-major de la marine nationale tunisienne est d\u00e9c\u00e9d\u00e9 dimanche apr\u00e8s-midi, apprend Leaders. Les obs\u00e8ques auront lieu \u00e0 Kssour Essaf, le lundi 30 ao\u00fbt 2021 apr\u00e8s la pri\u00e8re du Dhohr \u00e0 la mosqu\u00e9e Sidi Edhaher. Le cort\u00e8ge fun\u00e8bre quittera son domicile sis au n\u00b07 rue Imam El Ouzai, El Menzah 4. [&hellip;]<\/p>\n","protected":false},"author":1772,"featured_media":0,"comment_status":"closed","ping_status":"closed","sticky":false,"template":"","format":"standard","meta":{"fifu_image_url":"http:\/\/www.leaders.com.tn\/uploads\/content\/thumbnails_small\/1630264028_article.jpg","fifu_image_alt":"L\u2019Amiral Habib Fedhila est d\u00e9c\u00e9d\u00e9","footnotes":""},"categories":[73,55],"tags":[],"class_list":["post-125484","post","type-post","status-publish","format-standard","hentry","category-actualite","category-tunisie"],"_links":{"self":[{"href":"https:\/\/linitiative.ca\/International\/wp-json\/wp\/v2\/posts\/125484","targetHints":{"allow":["GET"]}}],"collection":[{"href":"https:\/\/linitiative.ca\/International\/wp-json\/wp\/v2\/posts"}],"about":[{"href":"https:\/\/linitiative.ca\/International\/wp-json\/wp\/v2\/types\/post"}],"author":[{"embeddable":true,"href":"https:\/\/linitiative.ca\/International\/wp-json\/wp\/v2\/users\/1772"}],"replies":[{"embeddable":true,"href":"https:\/\/linitiative.ca\/International\/wp-json\/wp\/v2\/comments?post=125484"}],"version-history":[{"count":0,"href":"https:\/\/linitiative.ca\/International\/wp-json\/wp\/v2\/posts\/125484\/revisions"}],"wp:attachment":[{"href":"https:\/\/linitiative.ca\/International\/wp-json\/wp\/v2\/media?parent=125484"}],"wp:term":[{"taxonomy":"category","embeddable":true,"href":"https:\/\/linitiative.ca\/International\/wp-json\/wp\/v2\/categories?post=125484"},{"taxonomy":"post_tag","embeddable":true,"href":"https:\/\/linitiative.ca\/International\/wp-json\/wp\/v2\/tags?post=125484"}],"curies":[{"name":"wp","href":"https:\/\/api.w.org\/{rel}","templated":true}]}}