{"id":125491,"date":"2021-08-29T05:37:15","date_gmt":"2021-08-29T09:37:15","guid":{"rendered":"https:\/\/linitiative.ca\/International\/enseignement-presentiel-distanciel-ou-alterne-voici-comment-sera-la-rentree-scolaire\/"},"modified":"2021-08-29T05:37:15","modified_gmt":"2021-08-29T09:37:15","slug":"enseignement-presentiel-distanciel-ou-alterne-voici-comment-sera-la-rentree-scolaire","status":"publish","type":"post","link":"https:\/\/linitiative.ca\/International\/enseignement-presentiel-distanciel-ou-alterne-voici-comment-sera-la-rentree-scolaire\/","title":{"rendered":"Enseignement. Pr\u00e9sentiel, distanciel ou altern\u00e9, voici comment sera la rentr\u00e9e scolaire"},"content":{"rendered":"<div><img decoding=\"async\" width=\"711\" height=\"400\" src=\"https:\/\/linitiative.ca\/International\/wp-content\/uploads\/sites\/23\/2021\/08\/ECOLE-2.jpg\" class=\"attachment-post-thumbnail size-post-thumbnail wp-post-image\" alt=\"\" loading=\"lazy\" srcset=\"https:\/\/linitiative.ca\/International\/wp-content\/uploads\/sites\/23\/2021\/08\/ECOLE-2.jpg 711w, https:\/\/www.challenge.ma\/wp-content\/uploads\/2021\/08\/ECOLE-2-300x169.jpg 300w, https:\/\/www.challenge.ma\/wp-content\/uploads\/2021\/08\/ECOLE-2-360x203.jpg 360w\" sizes=\"auto, (max-width: 711px) 100vw, 711px\" itemprop=\"image\">Aussi bien pour le public, le priv\u00e9 ou encore les missions \u00e9trang\u00e8res, la rentr\u00e9e scolaire 2021-2022 se d\u00e9roulera selon des modes p\u00e9dagogiques prenant en consid\u00e9ration, outre les mesures annonc\u00e9es pr\u00e9c\u00e9demment, le progr\u00e8s enregistr\u00e9 sur la voie de l\u2019immunit\u00e9 collective face \u00e0 la Covid-19, a annonc\u00e9 hier samedi 28 ao\u00fbt le<\/div>\n<p>Auteur: challenge<br \/>\n<a href=\"https:\/\/www.challenge.ma\/enseignement-presentiel-distanciel-ou-alterne-voici-comment-sera-la-rentree-scolaire-196803\/\">Cliquez ici pour lire l&rsquo;article depuis sa source.<\/a><\/p>\n","protected":false},"excerpt":{"rendered":"<p>Aussi bien pour le public, le priv\u00e9 ou encore les missions \u00e9trang\u00e8res, la rentr\u00e9e scolaire 2021-2022 se d\u00e9roulera selon des modes p\u00e9dagogiques prenant en consid\u00e9ration, outre les mesures annonc\u00e9es pr\u00e9c\u00e9demment, le progr\u00e8s enregistr\u00e9 sur la voie de l\u2019immunit\u00e9 collective face \u00e0 la Covid-19, a annonc\u00e9 hier samedi 28 ao\u00fbt le Auteur: challenge Cliquez ici pour [&hellip;]<\/p>\n","protected":false},"author":1787,"featured_media":0,"comment_status":"closed","ping_status":"closed","sticky":false,"template":"","format":"standard","meta":{"fifu_image_url":"https:\/\/www.challenge.ma\/wp-content\/uploads\/2021\/08\/ECOLE-2.jpg","fifu_image_alt":"Enseignement. Pr\u00e9sentiel, distanciel ou altern\u00e9, voici comment sera la rentr\u00e9e scolaire","footnotes":""},"categories":[78,54],"tags":[],"class_list":["post-125491","post","type-post","status-publish","format-standard","hentry","category-economie","category-maroc"],"_links":{"self":[{"href":"https:\/\/linitiative.ca\/International\/wp-json\/wp\/v2\/posts\/125491","targetHints":{"allow":["GET"]}}],"collection":[{"href":"https:\/\/linitiative.ca\/International\/wp-json\/wp\/v2\/posts"}],"about":[{"href":"https:\/\/linitiative.ca\/International\/wp-json\/wp\/v2\/types\/post"}],"author":[{"embeddable":true,"href":"https:\/\/linitiative.ca\/International\/wp-json\/wp\/v2\/users\/1787"}],"replies":[{"embeddable":true,"href":"https:\/\/linitiative.ca\/International\/wp-json\/wp\/v2\/comments?post=125491"}],"version-history":[{"count":0,"href":"https:\/\/linitiative.ca\/International\/wp-json\/wp\/v2\/posts\/125491\/revisions"}],"wp:attachment":[{"href":"https:\/\/linitiative.ca\/International\/wp-json\/wp\/v2\/media?parent=125491"}],"wp:term":[{"taxonomy":"category","embeddable":true,"href":"https:\/\/linitiative.ca\/International\/wp-json\/wp\/v2\/categories?post=125491"},{"taxonomy":"post_tag","embeddable":true,"href":"https:\/\/linitiative.ca\/International\/wp-json\/wp\/v2\/tags?post=125491"}],"curies":[{"name":"wp","href":"https:\/\/api.w.org\/{rel}","templated":true}]}}