{"id":125493,"date":"2021-08-29T06:23:40","date_gmt":"2021-08-29T10:23:40","guid":{"rendered":"https:\/\/linitiative.ca\/International\/marrakech-safi-43-centres-de-vaccination-anti-covid-dedies-aux-eleves-de-12-a-17-ans\/"},"modified":"2021-08-29T06:23:40","modified_gmt":"2021-08-29T10:23:40","slug":"marrakech-safi-43-centres-de-vaccination-anti-covid-dedies-aux-eleves-de-12-a-17-ans","status":"publish","type":"post","link":"https:\/\/linitiative.ca\/International\/marrakech-safi-43-centres-de-vaccination-anti-covid-dedies-aux-eleves-de-12-a-17-ans\/","title":{"rendered":"Marrakech-Safi. 43 centres de vaccination anti-Covid d\u00e9di\u00e9s aux \u00e9l\u00e8ves de 12 \u00e0 17 ans"},"content":{"rendered":"<div><img decoding=\"async\" width=\"630\" height=\"420\" src=\"https:\/\/linitiative.ca\/International\/wp-content\/uploads\/sites\/23\/2021\/08\/VACCIN-1-1.jpg\" class=\"attachment-post-thumbnail size-post-thumbnail wp-post-image\" alt=\"\" loading=\"lazy\" srcset=\"https:\/\/linitiative.ca\/International\/wp-content\/uploads\/sites\/23\/2021\/08\/VACCIN-1-1.jpg 630w, https:\/\/www.challenge.ma\/wp-content\/uploads\/2021\/08\/VACCIN-1-300x200.jpg 300w, https:\/\/www.challenge.ma\/wp-content\/uploads\/2021\/08\/VACCIN-1-360x240.jpg 360w\" sizes=\"auto, (max-width: 630px) 100vw, 630px\" itemprop=\"image\">L\u2019Acad\u00e9mie R\u00e9gionale de l\u2019Education et de la Formation (AREF) de Marrakech-Safi a mis en place 43 centres pour acc\u00e9l\u00e9rer la campagne de vaccination anti-Covid au profit des \u00e9l\u00e8ves des \u00e9tablissements publics et priv\u00e9s, des missions, des centres d\u2019\u00e9ducation non-formelle et des centres de la deuxi\u00e8me chance-nouvelle g\u00e9n\u00e9ration, \u00e2g\u00e9s entre 12<\/div>\n<p>Auteur: challenge<br \/>\n<a href=\"https:\/\/www.challenge.ma\/marrakech-safi-43-centres-de-vaccination-anti-covid-dedies-aux-eleves-de-12-a-17-ans-196809\/\">Cliquez ici pour lire l&rsquo;article depuis sa source.<\/a><\/p>\n","protected":false},"excerpt":{"rendered":"<p>L\u2019Acad\u00e9mie R\u00e9gionale de l\u2019Education et de la Formation (AREF) de Marrakech-Safi a mis en place 43 centres pour acc\u00e9l\u00e9rer la campagne de vaccination anti-Covid au profit des \u00e9l\u00e8ves des \u00e9tablissements publics et priv\u00e9s, des missions, des centres d\u2019\u00e9ducation non-formelle et des centres de la deuxi\u00e8me chance-nouvelle g\u00e9n\u00e9ration, \u00e2g\u00e9s entre 12 Auteur: challenge Cliquez ici pour [&hellip;]<\/p>\n","protected":false},"author":1787,"featured_media":0,"comment_status":"closed","ping_status":"closed","sticky":false,"template":"","format":"standard","meta":{"fifu_image_url":"https:\/\/www.challenge.ma\/wp-content\/uploads\/2021\/08\/VACCIN-1.jpg","fifu_image_alt":"Marrakech-Safi. 43 centres de vaccination anti-Covid d\u00e9di\u00e9s aux \u00e9l\u00e8ves de 12 \u00e0 17 ans","footnotes":""},"categories":[78,54],"tags":[],"class_list":["post-125493","post","type-post","status-publish","format-standard","hentry","category-economie","category-maroc"],"_links":{"self":[{"href":"https:\/\/linitiative.ca\/International\/wp-json\/wp\/v2\/posts\/125493","targetHints":{"allow":["GET"]}}],"collection":[{"href":"https:\/\/linitiative.ca\/International\/wp-json\/wp\/v2\/posts"}],"about":[{"href":"https:\/\/linitiative.ca\/International\/wp-json\/wp\/v2\/types\/post"}],"author":[{"embeddable":true,"href":"https:\/\/linitiative.ca\/International\/wp-json\/wp\/v2\/users\/1787"}],"replies":[{"embeddable":true,"href":"https:\/\/linitiative.ca\/International\/wp-json\/wp\/v2\/comments?post=125493"}],"version-history":[{"count":0,"href":"https:\/\/linitiative.ca\/International\/wp-json\/wp\/v2\/posts\/125493\/revisions"}],"wp:attachment":[{"href":"https:\/\/linitiative.ca\/International\/wp-json\/wp\/v2\/media?parent=125493"}],"wp:term":[{"taxonomy":"category","embeddable":true,"href":"https:\/\/linitiative.ca\/International\/wp-json\/wp\/v2\/categories?post=125493"},{"taxonomy":"post_tag","embeddable":true,"href":"https:\/\/linitiative.ca\/International\/wp-json\/wp\/v2\/tags?post=125493"}],"curies":[{"name":"wp","href":"https:\/\/api.w.org\/{rel}","templated":true}]}}