{"id":125495,"date":"2021-08-29T07:26:36","date_gmt":"2021-08-29T11:26:36","guid":{"rendered":"https:\/\/linitiative.ca\/International\/le-canada-suspend-les-vols-directs-en-provenance-du-maroc-pour-un-mois\/"},"modified":"2021-08-29T07:26:36","modified_gmt":"2021-08-29T11:26:36","slug":"le-canada-suspend-les-vols-directs-en-provenance-du-maroc-pour-un-mois","status":"publish","type":"post","link":"https:\/\/linitiative.ca\/International\/le-canada-suspend-les-vols-directs-en-provenance-du-maroc-pour-un-mois\/","title":{"rendered":"Le Canada suspend les vols directs en provenance du Maroc pour un mois"},"content":{"rendered":"<div><img decoding=\"async\" width=\"1656\" height=\"1060\" src=\"https:\/\/linitiative.ca\/International\/wp-content\/uploads\/sites\/23\/2021\/08\/CANADA.jpg\" class=\"attachment-post-thumbnail size-post-thumbnail wp-post-image\" alt=\"\" loading=\"lazy\" srcset=\"https:\/\/linitiative.ca\/International\/wp-content\/uploads\/sites\/23\/2021\/08\/CANADA.jpg 1656w, https:\/\/www.challenge.ma\/wp-content\/uploads\/2021\/08\/CANADA-300x192.jpg 300w, https:\/\/www.challenge.ma\/wp-content\/uploads\/2021\/08\/CANADA-1024x655.jpg 1024w, https:\/\/www.challenge.ma\/wp-content\/uploads\/2021\/08\/CANADA-768x492.jpg 768w, https:\/\/www.challenge.ma\/wp-content\/uploads\/2021\/08\/CANADA-1536x983.jpg 1536w, https:\/\/www.challenge.ma\/wp-content\/uploads\/2021\/08\/CANADA-360x230.jpg 360w, https:\/\/www.challenge.ma\/wp-content\/uploads\/2021\/08\/CANADA-750x480.jpg 750w\" sizes=\"auto, (max-width: 1656px) 100vw, 1656px\" itemprop=\"image\">Le Canada a suspendu tous les vols directs de passagers commerciaux et priv\u00e9s en provenance du Maroc \u00e0 partir de ce dimanche 29 ao\u00fbt \u00ab\u00a0apr\u00e8s avoir constat\u00e9 une augmentation des r\u00e9sultats positifs \u00e0 la Covid-19 chez les voyageurs\u00a0\u00bb.\u00a0La mesure restera en vigueur jusqu\u2019au 29 septembre \u00e0 0h00, a pr\u00e9cis\u00e9 Transports-Canada<\/div>\n<p>Auteur: challenge<br \/>\n<a href=\"https:\/\/www.challenge.ma\/le-canada-suspend-les-vols-directs-en-provenance-du-maroc-pour-un-mois-196813\/\">Cliquez ici pour lire l&rsquo;article depuis sa source.<\/a><\/p>\n","protected":false},"excerpt":{"rendered":"<p>Le Canada a suspendu tous les vols directs de passagers commerciaux et priv\u00e9s en provenance du Maroc \u00e0 partir de ce dimanche 29 ao\u00fbt \u00ab\u00a0apr\u00e8s avoir constat\u00e9 une augmentation des r\u00e9sultats positifs \u00e0 la Covid-19 chez les voyageurs\u00a0\u00bb.\u00a0La mesure restera en vigueur jusqu\u2019au 29 septembre \u00e0 0h00, a pr\u00e9cis\u00e9 Transports-Canada Auteur: challenge Cliquez ici pour [&hellip;]<\/p>\n","protected":false},"author":1787,"featured_media":0,"comment_status":"closed","ping_status":"closed","sticky":false,"template":"","format":"standard","meta":{"fifu_image_url":"https:\/\/www.challenge.ma\/wp-content\/uploads\/2021\/08\/CANADA.jpg","fifu_image_alt":"Le Canada suspend les vols directs en provenance du Maroc pour un mois","footnotes":""},"categories":[78,54],"tags":[],"class_list":["post-125495","post","type-post","status-publish","format-standard","hentry","category-economie","category-maroc"],"_links":{"self":[{"href":"https:\/\/linitiative.ca\/International\/wp-json\/wp\/v2\/posts\/125495","targetHints":{"allow":["GET"]}}],"collection":[{"href":"https:\/\/linitiative.ca\/International\/wp-json\/wp\/v2\/posts"}],"about":[{"href":"https:\/\/linitiative.ca\/International\/wp-json\/wp\/v2\/types\/post"}],"author":[{"embeddable":true,"href":"https:\/\/linitiative.ca\/International\/wp-json\/wp\/v2\/users\/1787"}],"replies":[{"embeddable":true,"href":"https:\/\/linitiative.ca\/International\/wp-json\/wp\/v2\/comments?post=125495"}],"version-history":[{"count":0,"href":"https:\/\/linitiative.ca\/International\/wp-json\/wp\/v2\/posts\/125495\/revisions"}],"wp:attachment":[{"href":"https:\/\/linitiative.ca\/International\/wp-json\/wp\/v2\/media?parent=125495"}],"wp:term":[{"taxonomy":"category","embeddable":true,"href":"https:\/\/linitiative.ca\/International\/wp-json\/wp\/v2\/categories?post=125495"},{"taxonomy":"post_tag","embeddable":true,"href":"https:\/\/linitiative.ca\/International\/wp-json\/wp\/v2\/tags?post=125495"}],"curies":[{"name":"wp","href":"https:\/\/api.w.org\/{rel}","templated":true}]}}