{"id":125497,"date":"2021-08-29T08:57:48","date_gmt":"2021-08-29T12:57:48","guid":{"rendered":"https:\/\/linitiative.ca\/International\/pedro-sanchez-attendu-au-maroc-dans-les-prochaines-semaines-el-espanol\/"},"modified":"2021-08-29T08:57:48","modified_gmt":"2021-08-29T12:57:48","slug":"pedro-sanchez-attendu-au-maroc-dans-les-prochaines-semaines-el-espanol","status":"publish","type":"post","link":"https:\/\/linitiative.ca\/International\/pedro-sanchez-attendu-au-maroc-dans-les-prochaines-semaines-el-espanol\/","title":{"rendered":"Pedro S\u00e1nchez attendu au Maroc dans les prochaines semaines [El Espa\u00f1ol]"},"content":{"rendered":"<div><img decoding=\"async\" width=\"1200\" height=\"600\" src=\"https:\/\/linitiative.ca\/International\/wp-content\/uploads\/sites\/23\/2021\/08\/ESPAGNE.jpg\" class=\"attachment-post-thumbnail size-post-thumbnail wp-post-image\" alt=\"\" loading=\"lazy\" srcset=\"https:\/\/linitiative.ca\/International\/wp-content\/uploads\/sites\/23\/2021\/08\/ESPAGNE.jpg 1200w, https:\/\/www.challenge.ma\/wp-content\/uploads\/2021\/08\/ESPAGNE-300x150.jpg 300w, https:\/\/www.challenge.ma\/wp-content\/uploads\/2021\/08\/ESPAGNE-1024x512.jpg 1024w, https:\/\/www.challenge.ma\/wp-content\/uploads\/2021\/08\/ESPAGNE-768x384.jpg 768w, https:\/\/www.challenge.ma\/wp-content\/uploads\/2021\/08\/ESPAGNE-360x180.jpg 360w, https:\/\/www.challenge.ma\/wp-content\/uploads\/2021\/08\/ESPAGNE-750x375.jpg 750w\" sizes=\"auto, (max-width: 1200px) 100vw, 1200px\" itemprop=\"image\">Le Roi Mohammed VI a ordonn\u00e9 de pr\u00e9parer la visite du chef du gouvernement espagnol Pedro S\u00e1nchez, pr\u00e9vue durant les prochaines semaines, selon le site El Espa\u00f1ol. Le site espagnol d\u2019actualit\u00e9 a annonc\u00e9 que le premier ministre espagnol, Pedro Sanchez, effectuera une visite officielle au Maroc dans les prochaines semaines.<\/div>\n<p>Auteur: challenge<br \/>\n<a href=\"https:\/\/www.challenge.ma\/pedro-sanchez-attendu-au-maroc-dans-les-prochaines-semaines-el-espanol-196817\/\">Cliquez ici pour lire l&rsquo;article depuis sa source.<\/a><\/p>\n","protected":false},"excerpt":{"rendered":"<p>Le Roi Mohammed VI a ordonn\u00e9 de pr\u00e9parer la visite du chef du gouvernement espagnol Pedro S\u00e1nchez, pr\u00e9vue durant les prochaines semaines, selon le site El Espa\u00f1ol. Le site espagnol d\u2019actualit\u00e9 a annonc\u00e9 que le premier ministre espagnol, Pedro Sanchez, effectuera une visite officielle au Maroc dans les prochaines semaines. Auteur: challenge Cliquez ici pour [&hellip;]<\/p>\n","protected":false},"author":1787,"featured_media":0,"comment_status":"closed","ping_status":"closed","sticky":false,"template":"","format":"standard","meta":{"fifu_image_url":"https:\/\/www.challenge.ma\/wp-content\/uploads\/2021\/08\/ESPAGNE.jpg","fifu_image_alt":"Pedro S\u00e1nchez attendu au Maroc dans les prochaines semaines [El Espa\u00f1ol]","footnotes":""},"categories":[78,54],"tags":[],"class_list":["post-125497","post","type-post","status-publish","format-standard","hentry","category-economie","category-maroc"],"_links":{"self":[{"href":"https:\/\/linitiative.ca\/International\/wp-json\/wp\/v2\/posts\/125497","targetHints":{"allow":["GET"]}}],"collection":[{"href":"https:\/\/linitiative.ca\/International\/wp-json\/wp\/v2\/posts"}],"about":[{"href":"https:\/\/linitiative.ca\/International\/wp-json\/wp\/v2\/types\/post"}],"author":[{"embeddable":true,"href":"https:\/\/linitiative.ca\/International\/wp-json\/wp\/v2\/users\/1787"}],"replies":[{"embeddable":true,"href":"https:\/\/linitiative.ca\/International\/wp-json\/wp\/v2\/comments?post=125497"}],"version-history":[{"count":0,"href":"https:\/\/linitiative.ca\/International\/wp-json\/wp\/v2\/posts\/125497\/revisions"}],"wp:attachment":[{"href":"https:\/\/linitiative.ca\/International\/wp-json\/wp\/v2\/media?parent=125497"}],"wp:term":[{"taxonomy":"category","embeddable":true,"href":"https:\/\/linitiative.ca\/International\/wp-json\/wp\/v2\/categories?post=125497"},{"taxonomy":"post_tag","embeddable":true,"href":"https:\/\/linitiative.ca\/International\/wp-json\/wp\/v2\/tags?post=125497"}],"curies":[{"name":"wp","href":"https:\/\/api.w.org\/{rel}","templated":true}]}}