{"id":125499,"date":"2021-08-29T09:27:03","date_gmt":"2021-08-29T13:27:03","guid":{"rendered":"https:\/\/linitiative.ca\/International\/forafric-rachete-la-societe-moulins-sanabil\/"},"modified":"2021-08-29T09:27:03","modified_gmt":"2021-08-29T13:27:03","slug":"forafric-rachete-la-societe-moulins-sanabil","status":"publish","type":"post","link":"https:\/\/linitiative.ca\/International\/forafric-rachete-la-societe-moulins-sanabil\/","title":{"rendered":"Forafric rach\u00e8te la soci\u00e9t\u00e9 Moulins Sanabil"},"content":{"rendered":"<div><img decoding=\"async\" width=\"500\" height=\"281\" src=\"https:\/\/linitiative.ca\/International\/wp-content\/uploads\/sites\/23\/2021\/08\/FORAFRIC.jpg\" class=\"attachment-post-thumbnail size-post-thumbnail wp-post-image\" alt=\"\" loading=\"lazy\" srcset=\"https:\/\/linitiative.ca\/International\/wp-content\/uploads\/sites\/23\/2021\/08\/FORAFRIC.jpg 500w, https:\/\/www.challenge.ma\/wp-content\/uploads\/2021\/08\/FORAFRIC-300x169.jpg 300w, https:\/\/www.challenge.ma\/wp-content\/uploads\/2021\/08\/FORAFRIC-360x202.jpg 360w\" sizes=\"auto, (max-width: 500px) 100vw, 500px\" itemprop=\"image\">Apr\u00e8s avoir rachet\u00e9 Tria en 2016, le groupe marocain Forafric, connu pour sa marque MayMouna, vient de r\u00e9cidiver avec la soci\u00e9t\u00e9 Moulins Sanabil, bas\u00e9e \u00e0 Mekn\u00e8s et propri\u00e9taire de la marque \u00ab\u00a0Ferane\u00a0\u00bb. Les d\u00e9tails. Repris en novembre 2014 par le fonds d\u2019investissement europ\u00e9en Ycap et le fonds public du Gabon<\/div>\n<p>Auteur: Adama Sylla<br \/>\n<a href=\"https:\/\/www.challenge.ma\/forafric-rachete-la-societe-moulins-sanabil-196824\/\">Cliquez ici pour lire l&rsquo;article depuis sa source.<\/a><\/p>\n","protected":false},"excerpt":{"rendered":"<p>Apr\u00e8s avoir rachet\u00e9 Tria en 2016, le groupe marocain Forafric, connu pour sa marque MayMouna, vient de r\u00e9cidiver avec la soci\u00e9t\u00e9 Moulins Sanabil, bas\u00e9e \u00e0 Mekn\u00e8s et propri\u00e9taire de la marque \u00ab\u00a0Ferane\u00a0\u00bb. Les d\u00e9tails. Repris en novembre 2014 par le fonds d\u2019investissement europ\u00e9en Ycap et le fonds public du Gabon Auteur: Adama Sylla Cliquez ici [&hellip;]<\/p>\n","protected":false},"author":1787,"featured_media":0,"comment_status":"closed","ping_status":"closed","sticky":false,"template":"","format":"standard","meta":{"fifu_image_url":"https:\/\/www.challenge.ma\/wp-content\/uploads\/2021\/08\/FORAFRIC.jpg","fifu_image_alt":"Forafric rach\u00e8te la soci\u00e9t\u00e9 Moulins Sanabil","footnotes":""},"categories":[78,54],"tags":[],"class_list":["post-125499","post","type-post","status-publish","format-standard","hentry","category-economie","category-maroc"],"_links":{"self":[{"href":"https:\/\/linitiative.ca\/International\/wp-json\/wp\/v2\/posts\/125499","targetHints":{"allow":["GET"]}}],"collection":[{"href":"https:\/\/linitiative.ca\/International\/wp-json\/wp\/v2\/posts"}],"about":[{"href":"https:\/\/linitiative.ca\/International\/wp-json\/wp\/v2\/types\/post"}],"author":[{"embeddable":true,"href":"https:\/\/linitiative.ca\/International\/wp-json\/wp\/v2\/users\/1787"}],"replies":[{"embeddable":true,"href":"https:\/\/linitiative.ca\/International\/wp-json\/wp\/v2\/comments?post=125499"}],"version-history":[{"count":0,"href":"https:\/\/linitiative.ca\/International\/wp-json\/wp\/v2\/posts\/125499\/revisions"}],"wp:attachment":[{"href":"https:\/\/linitiative.ca\/International\/wp-json\/wp\/v2\/media?parent=125499"}],"wp:term":[{"taxonomy":"category","embeddable":true,"href":"https:\/\/linitiative.ca\/International\/wp-json\/wp\/v2\/categories?post=125499"},{"taxonomy":"post_tag","embeddable":true,"href":"https:\/\/linitiative.ca\/International\/wp-json\/wp\/v2\/tags?post=125499"}],"curies":[{"name":"wp","href":"https:\/\/api.w.org\/{rel}","templated":true}]}}