{"id":125501,"date":"2021-08-29T16:36:56","date_gmt":"2021-08-29T20:36:56","guid":{"rendered":"https:\/\/linitiative.ca\/International\/tunisie-centres-de-vaccination-la-decision-qui-a-destabilise-les-centres\/"},"modified":"2021-08-29T16:36:56","modified_gmt":"2021-08-29T20:36:56","slug":"tunisie-centres-de-vaccination-la-decision-qui-a-destabilise-les-centres","status":"publish","type":"post","link":"https:\/\/linitiative.ca\/International\/tunisie-centres-de-vaccination-la-decision-qui-a-destabilise-les-centres\/","title":{"rendered":"Tunisie \u2013 Centres de vaccination\u00a0: La d\u00e9cision qui a d\u00e9stabilis\u00e9 les centres"},"content":{"rendered":"<div>\n<p>La d\u00e9cision prise en cours de journ\u00e9e, par le ministre de la sant\u00e9, en rapport avec l\u2019appel lanc\u00e9 aux citoyens \u00e2g\u00e9s de 18 \u00e0 39 ans, a compl\u00e8tement, chamboul\u00e9 le travail et d\u00e9stabilis\u00e9 les centres de vaccination, dans plusieurs r\u00e9gions. En effet, si, dans certaines r\u00e9gions, l\u2019afflux des patients pour se faire vacciner \u00e9tait tr\u00e8s [\u2026]<\/p>\n<p>L\u2019article <a href=\"https:\/\/www.tunisienumerique.com\/tunisie-centres-de-vaccination-la-decision-qui-a-destabilise-les-centres\/\">Tunisie \u2013 Centres de vaccination\u00a0: La d\u00e9cision qui a d\u00e9stabilis\u00e9 les centres<\/a> est apparu en premier sur <a href=\"https:\/\/www.tunisienumerique.com\/\">Tunisie<\/a>.<\/p>\n<\/div>\n<p>Auteur: LM<br \/>\n<a href=\"https:\/\/www.tunisienumerique.com\/tunisie-centres-de-vaccination-la-decision-qui-a-destabilise-les-centres\/\">Cliquez ici pour lire l&rsquo;article depuis sa source.<\/a><\/p>\n","protected":false},"excerpt":{"rendered":"<p>La d\u00e9cision prise en cours de journ\u00e9e, par le ministre de la sant\u00e9, en rapport avec l\u2019appel lanc\u00e9 aux citoyens \u00e2g\u00e9s de 18 \u00e0 39 ans, a compl\u00e8tement, chamboul\u00e9 le travail et d\u00e9stabilis\u00e9 les centres de vaccination, dans plusieurs r\u00e9gions. En effet, si, dans certaines r\u00e9gions, l\u2019afflux des patients pour se faire vacciner \u00e9tait tr\u00e8s [&hellip;]<\/p>\n","protected":false},"author":1789,"featured_media":0,"comment_status":"closed","ping_status":"closed","sticky":false,"template":"","format":"standard","meta":{"fifu_image_url":"","fifu_image_alt":"","footnotes":""},"categories":[73,55],"tags":[],"class_list":["post-125501","post","type-post","status-publish","format-standard","hentry","category-actualite","category-tunisie"],"_links":{"self":[{"href":"https:\/\/linitiative.ca\/International\/wp-json\/wp\/v2\/posts\/125501","targetHints":{"allow":["GET"]}}],"collection":[{"href":"https:\/\/linitiative.ca\/International\/wp-json\/wp\/v2\/posts"}],"about":[{"href":"https:\/\/linitiative.ca\/International\/wp-json\/wp\/v2\/types\/post"}],"author":[{"embeddable":true,"href":"https:\/\/linitiative.ca\/International\/wp-json\/wp\/v2\/users\/1789"}],"replies":[{"embeddable":true,"href":"https:\/\/linitiative.ca\/International\/wp-json\/wp\/v2\/comments?post=125501"}],"version-history":[{"count":0,"href":"https:\/\/linitiative.ca\/International\/wp-json\/wp\/v2\/posts\/125501\/revisions"}],"wp:attachment":[{"href":"https:\/\/linitiative.ca\/International\/wp-json\/wp\/v2\/media?parent=125501"}],"wp:term":[{"taxonomy":"category","embeddable":true,"href":"https:\/\/linitiative.ca\/International\/wp-json\/wp\/v2\/categories?post=125501"},{"taxonomy":"post_tag","embeddable":true,"href":"https:\/\/linitiative.ca\/International\/wp-json\/wp\/v2\/tags?post=125501"}],"curies":[{"name":"wp","href":"https:\/\/api.w.org\/{rel}","templated":true}]}}