{"id":125502,"date":"2021-08-29T16:52:27","date_gmt":"2021-08-29T20:52:27","guid":{"rendered":"https:\/\/linitiative.ca\/International\/tunisie-deux-tunisiens-arretes-en-compagnie-de-nabil-et-ghazi-karoui\/"},"modified":"2021-08-29T16:52:27","modified_gmt":"2021-08-29T20:52:27","slug":"tunisie-deux-tunisiens-arretes-en-compagnie-de-nabil-et-ghazi-karoui","status":"publish","type":"post","link":"https:\/\/linitiative.ca\/International\/tunisie-deux-tunisiens-arretes-en-compagnie-de-nabil-et-ghazi-karoui\/","title":{"rendered":"Tunisie \u2013 Deux tunisiens arr\u00eat\u00e9s en compagnie de Nabil et Ghazi Karoui"},"content":{"rendered":"<div>\n<p>Le journal alg\u00e9rien Al Chourouk a annonc\u00e9 que les forces de s\u00e9curit\u00e9 alg\u00e9riennes ont arr\u00eat\u00e9, la nuit de samedi, Nabil Karoui, le pr\u00e9sident du parti 9alb Tounes, ainsi que son fr\u00e8re, Ghazi Karoui, d\u00e9put\u00e9 gel\u00e9. Ils \u00e9taient arriv\u00e9s de fa\u00e7on ill\u00e9gale en territoire alg\u00e9rien et se r\u00e9fugiaient dans un appartement de la ville de Tbessa. [\u2026]<\/p>\n<p>L\u2019article <a href=\"https:\/\/www.tunisienumerique.com\/tunisie-deux-tunisiens-arretes-en-compagnie-de-nabil-et-ghazi-karoui\/\">Tunisie \u2013 Deux tunisiens arr\u00eat\u00e9s en compagnie de Nabil et Ghazi Karoui<\/a> est apparu en premier sur <a href=\"https:\/\/www.tunisienumerique.com\/\">Tunisie<\/a>.<\/p>\n<\/div>\n<p>Auteur: LM<br \/>\n<a href=\"https:\/\/www.tunisienumerique.com\/tunisie-deux-tunisiens-arretes-en-compagnie-de-nabil-et-ghazi-karoui\/\">Cliquez ici pour lire l&rsquo;article depuis sa source.<\/a><\/p>\n","protected":false},"excerpt":{"rendered":"<p>Le journal alg\u00e9rien Al Chourouk a annonc\u00e9 que les forces de s\u00e9curit\u00e9 alg\u00e9riennes ont arr\u00eat\u00e9, la nuit de samedi, Nabil Karoui, le pr\u00e9sident du parti 9alb Tounes, ainsi que son fr\u00e8re, Ghazi Karoui, d\u00e9put\u00e9 gel\u00e9. Ils \u00e9taient arriv\u00e9s de fa\u00e7on ill\u00e9gale en territoire alg\u00e9rien et se r\u00e9fugiaient dans un appartement de la ville de Tbessa. [&hellip;]<\/p>\n","protected":false},"author":1789,"featured_media":0,"comment_status":"closed","ping_status":"closed","sticky":false,"template":"","format":"standard","meta":{"fifu_image_url":"","fifu_image_alt":"","footnotes":""},"categories":[73,55],"tags":[],"class_list":["post-125502","post","type-post","status-publish","format-standard","hentry","category-actualite","category-tunisie"],"_links":{"self":[{"href":"https:\/\/linitiative.ca\/International\/wp-json\/wp\/v2\/posts\/125502","targetHints":{"allow":["GET"]}}],"collection":[{"href":"https:\/\/linitiative.ca\/International\/wp-json\/wp\/v2\/posts"}],"about":[{"href":"https:\/\/linitiative.ca\/International\/wp-json\/wp\/v2\/types\/post"}],"author":[{"embeddable":true,"href":"https:\/\/linitiative.ca\/International\/wp-json\/wp\/v2\/users\/1789"}],"replies":[{"embeddable":true,"href":"https:\/\/linitiative.ca\/International\/wp-json\/wp\/v2\/comments?post=125502"}],"version-history":[{"count":0,"href":"https:\/\/linitiative.ca\/International\/wp-json\/wp\/v2\/posts\/125502\/revisions"}],"wp:attachment":[{"href":"https:\/\/linitiative.ca\/International\/wp-json\/wp\/v2\/media?parent=125502"}],"wp:term":[{"taxonomy":"category","embeddable":true,"href":"https:\/\/linitiative.ca\/International\/wp-json\/wp\/v2\/categories?post=125502"},{"taxonomy":"post_tag","embeddable":true,"href":"https:\/\/linitiative.ca\/International\/wp-json\/wp\/v2\/tags?post=125502"}],"curies":[{"name":"wp","href":"https:\/\/api.w.org\/{rel}","templated":true}]}}