{"id":125503,"date":"2021-08-29T16:59:47","date_gmt":"2021-08-29T20:59:47","guid":{"rendered":"https:\/\/linitiative.ca\/International\/tunisie-pluies-torrentielles-et-tempete-a-sousse\/"},"modified":"2021-08-29T16:59:47","modified_gmt":"2021-08-29T20:59:47","slug":"tunisie-pluies-torrentielles-et-tempete-a-sousse","status":"publish","type":"post","link":"https:\/\/linitiative.ca\/International\/tunisie-pluies-torrentielles-et-tempete-a-sousse\/","title":{"rendered":"Tunisie \u2013 Pluies torrentielles et temp\u00eate \u00e0 Sousse"},"content":{"rendered":"<div>\n<p>De fortes pr\u00e9cipitations accompagn\u00e9es de fortes rafales de vent se sont abattues cet apr\u00e8s midi sur la ville de Sousse. Ces intemp\u00e9ries ont occasionn\u00e9 la chute de nombreux arbres dans le quartier de Sidi Abdelhamid, et les agents de la protection civile ont du intervenir pour enlever les d\u00e9bris, de m\u00eame que plusieurs v\u00e9hicules endommag\u00e9s [\u2026]<\/p>\n<p>L\u2019article <a href=\"https:\/\/www.tunisienumerique.com\/tunisie-pluies-torrentielles-et-tempete-a-sousse\/\">Tunisie \u2013 Pluies torrentielles et temp\u00eate \u00e0 Sousse<\/a> est apparu en premier sur <a href=\"https:\/\/www.tunisienumerique.com\/\">Tunisie<\/a>.<\/p>\n<\/div>\n<p>Auteur: LM<br \/>\n<a href=\"https:\/\/www.tunisienumerique.com\/tunisie-pluies-torrentielles-et-tempete-a-sousse\/\">Cliquez ici pour lire l&rsquo;article depuis sa source.<\/a><\/p>\n","protected":false},"excerpt":{"rendered":"<p>De fortes pr\u00e9cipitations accompagn\u00e9es de fortes rafales de vent se sont abattues cet apr\u00e8s midi sur la ville de Sousse. Ces intemp\u00e9ries ont occasionn\u00e9 la chute de nombreux arbres dans le quartier de Sidi Abdelhamid, et les agents de la protection civile ont du intervenir pour enlever les d\u00e9bris, de m\u00eame que plusieurs v\u00e9hicules endommag\u00e9s [&hellip;]<\/p>\n","protected":false},"author":1789,"featured_media":0,"comment_status":"closed","ping_status":"closed","sticky":false,"template":"","format":"standard","meta":{"fifu_image_url":"","fifu_image_alt":"","footnotes":""},"categories":[73,55],"tags":[],"class_list":["post-125503","post","type-post","status-publish","format-standard","hentry","category-actualite","category-tunisie"],"_links":{"self":[{"href":"https:\/\/linitiative.ca\/International\/wp-json\/wp\/v2\/posts\/125503","targetHints":{"allow":["GET"]}}],"collection":[{"href":"https:\/\/linitiative.ca\/International\/wp-json\/wp\/v2\/posts"}],"about":[{"href":"https:\/\/linitiative.ca\/International\/wp-json\/wp\/v2\/types\/post"}],"author":[{"embeddable":true,"href":"https:\/\/linitiative.ca\/International\/wp-json\/wp\/v2\/users\/1789"}],"replies":[{"embeddable":true,"href":"https:\/\/linitiative.ca\/International\/wp-json\/wp\/v2\/comments?post=125503"}],"version-history":[{"count":0,"href":"https:\/\/linitiative.ca\/International\/wp-json\/wp\/v2\/posts\/125503\/revisions"}],"wp:attachment":[{"href":"https:\/\/linitiative.ca\/International\/wp-json\/wp\/v2\/media?parent=125503"}],"wp:term":[{"taxonomy":"category","embeddable":true,"href":"https:\/\/linitiative.ca\/International\/wp-json\/wp\/v2\/categories?post=125503"},{"taxonomy":"post_tag","embeddable":true,"href":"https:\/\/linitiative.ca\/International\/wp-json\/wp\/v2\/tags?post=125503"}],"curies":[{"name":"wp","href":"https:\/\/api.w.org\/{rel}","templated":true}]}}