{"id":125504,"date":"2021-08-29T17:05:36","date_gmt":"2021-08-29T21:05:36","guid":{"rendered":"https:\/\/linitiative.ca\/International\/algerie-othmen-jerandi-participe-a-une-reunion-des-pays-voisins-de-la-libye-a-partir-de-demain\/"},"modified":"2021-08-29T17:05:36","modified_gmt":"2021-08-29T21:05:36","slug":"algerie-othmen-jerandi-participe-a-une-reunion-des-pays-voisins-de-la-libye-a-partir-de-demain","status":"publish","type":"post","link":"https:\/\/linitiative.ca\/International\/algerie-othmen-jerandi-participe-a-une-reunion-des-pays-voisins-de-la-libye-a-partir-de-demain\/","title":{"rendered":"Alg\u00e9rie : Othmen Jerandi participe \u00e0 une r\u00e9union des pays voisins de la Libye \u00e0 partir de demain"},"content":{"rendered":"<div>\n<p>Le minist\u00e8re des Affaires Etrang\u00e8res a indiqu\u00e9 dans un communiqu\u00e9 rendu public aujourd\u2019hui que le ministre Othmen Jerandi participera \u00e0 une r\u00e9union minist\u00e9rielle consultative des pays voisins de la Libye, qui se tiendra \u00e0 Alger les 30 et 31 ao\u00fbt. Selon la m\u00eame source, Jerandi va rencontrer \u00e0 cette occasion, ses homologues et des responsables [\u2026]<\/p>\n<p>L\u2019article <a href=\"https:\/\/www.tunisienumerique.com\/algerie-othmen-jerandi-participe-a-une-reunion-des-pays-voisins-de-la-libye-a-partir-de-demain\/\">Alg\u00e9rie : Othmen Jerandi participe \u00e0 une r\u00e9union des pays voisins de la Libye \u00e0 partir de demain<\/a> est apparu en premier sur <a href=\"https:\/\/www.tunisienumerique.com\/\">Tunisie<\/a>.<\/p>\n<\/div>\n<p>Auteur: rania ben slimane<br \/>\n<a href=\"https:\/\/www.tunisienumerique.com\/algerie-othmen-jerandi-participe-a-une-reunion-des-pays-voisins-de-la-libye-a-partir-de-demain\/\">Cliquez ici pour lire l&rsquo;article depuis sa source.<\/a><\/p>\n","protected":false},"excerpt":{"rendered":"<p>Le minist\u00e8re des Affaires Etrang\u00e8res a indiqu\u00e9 dans un communiqu\u00e9 rendu public aujourd\u2019hui que le ministre Othmen Jerandi participera \u00e0 une r\u00e9union minist\u00e9rielle consultative des pays voisins de la Libye, qui se tiendra \u00e0 Alger les 30 et 31 ao\u00fbt. Selon la m\u00eame source, Jerandi va rencontrer \u00e0 cette occasion, ses homologues et des responsables [&hellip;]<\/p>\n","protected":false},"author":1789,"featured_media":0,"comment_status":"closed","ping_status":"closed","sticky":false,"template":"","format":"standard","meta":{"fifu_image_url":"","fifu_image_alt":"","footnotes":""},"categories":[73,55],"tags":[],"class_list":["post-125504","post","type-post","status-publish","format-standard","hentry","category-actualite","category-tunisie"],"_links":{"self":[{"href":"https:\/\/linitiative.ca\/International\/wp-json\/wp\/v2\/posts\/125504","targetHints":{"allow":["GET"]}}],"collection":[{"href":"https:\/\/linitiative.ca\/International\/wp-json\/wp\/v2\/posts"}],"about":[{"href":"https:\/\/linitiative.ca\/International\/wp-json\/wp\/v2\/types\/post"}],"author":[{"embeddable":true,"href":"https:\/\/linitiative.ca\/International\/wp-json\/wp\/v2\/users\/1789"}],"replies":[{"embeddable":true,"href":"https:\/\/linitiative.ca\/International\/wp-json\/wp\/v2\/comments?post=125504"}],"version-history":[{"count":0,"href":"https:\/\/linitiative.ca\/International\/wp-json\/wp\/v2\/posts\/125504\/revisions"}],"wp:attachment":[{"href":"https:\/\/linitiative.ca\/International\/wp-json\/wp\/v2\/media?parent=125504"}],"wp:term":[{"taxonomy":"category","embeddable":true,"href":"https:\/\/linitiative.ca\/International\/wp-json\/wp\/v2\/categories?post=125504"},{"taxonomy":"post_tag","embeddable":true,"href":"https:\/\/linitiative.ca\/International\/wp-json\/wp\/v2\/tags?post=125504"}],"curies":[{"name":"wp","href":"https:\/\/api.w.org\/{rel}","templated":true}]}}