{"id":125505,"date":"2021-08-29T17:08:04","date_gmt":"2021-08-29T21:08:04","guid":{"rendered":"https:\/\/linitiative.ca\/International\/tunisie-pluie-et-vents-forts-cette-nuit-dans-ces-regions\/"},"modified":"2021-08-29T17:08:04","modified_gmt":"2021-08-29T21:08:04","slug":"tunisie-pluie-et-vents-forts-cette-nuit-dans-ces-regions","status":"publish","type":"post","link":"https:\/\/linitiative.ca\/International\/tunisie-pluie-et-vents-forts-cette-nuit-dans-ces-regions\/","title":{"rendered":"Tunisie \u2013 Pluie et vents forts, cette nuit, dans ces r\u00e9gions\u00a0!"},"content":{"rendered":"<div>\n<p>Les services de l\u2019INM pr\u00e9voient pour cette nuit, la poursuite des pr\u00e9cipitations qui seront abondantes, entre 30 et 60 mm, accompagn\u00e9es de vents forts, pouvant souffler jusqu\u2019\u00e0 80 km\/h, sous orages, avec possibilit\u00e9 de chute de gr\u00eale. Ces intemp\u00e9ries int\u00e9resseront, sp\u00e9cialement, les r\u00e9gions de Sousse, Monastir, Mahdia et Kairouan. Les intemp\u00e9ries baisseront d\u2019intensit\u00e9 \u00e0 partir [\u2026]<\/p>\n<p>L\u2019article <a href=\"https:\/\/www.tunisienumerique.com\/tunisie-pluie-et-vents-forts-cette-nuit-dans-ces-regions\/\">Tunisie \u2013 Pluie et vents forts, cette nuit, dans ces r\u00e9gions\u00a0!<\/a> est apparu en premier sur <a href=\"https:\/\/www.tunisienumerique.com\/\">Tunisie<\/a>.<\/p>\n<\/div>\n<p>Auteur: LM<br \/>\n<a href=\"https:\/\/www.tunisienumerique.com\/tunisie-pluie-et-vents-forts-cette-nuit-dans-ces-regions\/\">Cliquez ici pour lire l&rsquo;article depuis sa source.<\/a><\/p>\n","protected":false},"excerpt":{"rendered":"<p>Les services de l\u2019INM pr\u00e9voient pour cette nuit, la poursuite des pr\u00e9cipitations qui seront abondantes, entre 30 et 60 mm, accompagn\u00e9es de vents forts, pouvant souffler jusqu\u2019\u00e0 80 km\/h, sous orages, avec possibilit\u00e9 de chute de gr\u00eale. Ces intemp\u00e9ries int\u00e9resseront, sp\u00e9cialement, les r\u00e9gions de Sousse, Monastir, Mahdia et Kairouan. Les intemp\u00e9ries baisseront d\u2019intensit\u00e9 \u00e0 partir [&hellip;]<\/p>\n","protected":false},"author":1789,"featured_media":0,"comment_status":"closed","ping_status":"closed","sticky":false,"template":"","format":"standard","meta":{"fifu_image_url":"","fifu_image_alt":"","footnotes":""},"categories":[73,55],"tags":[],"class_list":["post-125505","post","type-post","status-publish","format-standard","hentry","category-actualite","category-tunisie"],"_links":{"self":[{"href":"https:\/\/linitiative.ca\/International\/wp-json\/wp\/v2\/posts\/125505","targetHints":{"allow":["GET"]}}],"collection":[{"href":"https:\/\/linitiative.ca\/International\/wp-json\/wp\/v2\/posts"}],"about":[{"href":"https:\/\/linitiative.ca\/International\/wp-json\/wp\/v2\/types\/post"}],"author":[{"embeddable":true,"href":"https:\/\/linitiative.ca\/International\/wp-json\/wp\/v2\/users\/1789"}],"replies":[{"embeddable":true,"href":"https:\/\/linitiative.ca\/International\/wp-json\/wp\/v2\/comments?post=125505"}],"version-history":[{"count":0,"href":"https:\/\/linitiative.ca\/International\/wp-json\/wp\/v2\/posts\/125505\/revisions"}],"wp:attachment":[{"href":"https:\/\/linitiative.ca\/International\/wp-json\/wp\/v2\/media?parent=125505"}],"wp:term":[{"taxonomy":"category","embeddable":true,"href":"https:\/\/linitiative.ca\/International\/wp-json\/wp\/v2\/categories?post=125505"},{"taxonomy":"post_tag","embeddable":true,"href":"https:\/\/linitiative.ca\/International\/wp-json\/wp\/v2\/tags?post=125505"}],"curies":[{"name":"wp","href":"https:\/\/api.w.org\/{rel}","templated":true}]}}