{"id":125506,"date":"2021-08-29T14:54:14","date_gmt":"2021-08-29T18:54:14","guid":{"rendered":"https:\/\/linitiative.ca\/International\/liberation-de-bah-ndaw-et-moctar-ouane-sur-fond-darrestation-danciens-caciques\/"},"modified":"2021-08-29T14:54:14","modified_gmt":"2021-08-29T18:54:14","slug":"liberation-de-bah-ndaw-et-moctar-ouane-sur-fond-darrestation-danciens-caciques","status":"publish","type":"post","link":"https:\/\/linitiative.ca\/International\/liberation-de-bah-ndaw-et-moctar-ouane-sur-fond-darrestation-danciens-caciques\/","title":{"rendered":"LIBERATION DE BAH N\u2019DAW ET MOCTAR OUANE SUR FOND D\u2019ARRESTATION D\u2019ANCIENS CACIQUES  \u00a0"},"content":{"rendered":"<div>\n<p><img decoding=\"async\" width=\"592\" height=\"296\" src=\"https:\/\/linitiative.ca\/International\/wp-content\/uploads\/sites\/23\/2021\/08\/MALI-3.jpg\" class=\"attachment- size- wp-post-image\" alt=\"\" loading=\"lazy\" style=\"float:left; margin:0 15px 15px 0;\" srcset=\"https:\/\/linitiative.ca\/International\/wp-content\/uploads\/sites\/23\/2021\/08\/MALI-3.jpg 592w, https:\/\/lepays.bf\/wp-content\/uploads\/2021\/08\/MALI-3-300x150.jpg 300w\" sizes=\"auto, (max-width: 592px) 100vw, 592px\">L\u2019ancien pr\u00e9sident malien de la Transition, Bah N\u2019daw, et l\u2019ancien Premier ministre Moctar Ouane, sont, depuis le 27 ao\u00fbt dernier, libres. En rappel, les deux hommes avaient \u00e9t\u00e9 assign\u00e9s \u00e0 r\u00e9sidence surveill\u00e9e depuis fin mai dernier, date du second coup d\u2019Etat du Colonel Assimi Go\u00efta. Pendant donc trois longs mois, les anciennes deux t\u00eates de \u2026<\/p>\n<p>L\u2019article <a rel=\"nofollow\" href=\"https:\/\/lepays.bf\/liberation-de-bah-ndaw-et-moctar-ouane-sur-fond-darrestation-danciens-caciques\/\">LIBERATION DE BAH N\u2019DAW ET MOCTAR OUANE SUR FOND D\u2019ARRESTATION D\u2019ANCIENS CACIQUES  \u00a0<\/a> est apparu en premier sur <a rel=\"nofollow\" href=\"https:\/\/lepays.bf\/\">Editions Le Pays<\/a>.<\/p>\n<\/div>\n<p>Auteur: Editions LEPAYS<br \/>\n<a href=\"https:\/\/lepays.bf\/liberation-de-bah-ndaw-et-moctar-ouane-sur-fond-darrestation-danciens-caciques\/\">Cliquez ici pour lire l&rsquo;article depuis sa source.<\/a><\/p>\n","protected":false},"excerpt":{"rendered":"<p>L\u2019ancien pr\u00e9sident malien de la Transition, Bah N\u2019daw, et l\u2019ancien Premier ministre Moctar Ouane, sont, depuis le 27 ao\u00fbt dernier, libres. En rappel, les deux hommes avaient \u00e9t\u00e9 assign\u00e9s \u00e0 r\u00e9sidence surveill\u00e9e depuis fin mai dernier, date du second coup d\u2019Etat du Colonel Assimi Go\u00efta. Pendant donc trois longs mois, les anciennes deux t\u00eates de [&hellip;]<\/p>\n","protected":false},"author":1813,"featured_media":0,"comment_status":"closed","ping_status":"closed","sticky":false,"template":"","format":"standard","meta":{"fifu_image_url":"https:\/\/lepays.bf\/wp-content\/uploads\/2021\/08\/MALI-3.jpg","fifu_image_alt":"LIBERATION DE BAH N\u2019DAW ET MOCTAR OUANE SUR FOND D\u2019ARRESTATION D\u2019ANCIENS CACIQUES  \u00a0","footnotes":""},"categories":[73,81],"tags":[],"class_list":["post-125506","post","type-post","status-publish","format-standard","hentry","category-actualite","category-burkina-faso"],"_links":{"self":[{"href":"https:\/\/linitiative.ca\/International\/wp-json\/wp\/v2\/posts\/125506","targetHints":{"allow":["GET"]}}],"collection":[{"href":"https:\/\/linitiative.ca\/International\/wp-json\/wp\/v2\/posts"}],"about":[{"href":"https:\/\/linitiative.ca\/International\/wp-json\/wp\/v2\/types\/post"}],"author":[{"embeddable":true,"href":"https:\/\/linitiative.ca\/International\/wp-json\/wp\/v2\/users\/1813"}],"replies":[{"embeddable":true,"href":"https:\/\/linitiative.ca\/International\/wp-json\/wp\/v2\/comments?post=125506"}],"version-history":[{"count":0,"href":"https:\/\/linitiative.ca\/International\/wp-json\/wp\/v2\/posts\/125506\/revisions"}],"wp:attachment":[{"href":"https:\/\/linitiative.ca\/International\/wp-json\/wp\/v2\/media?parent=125506"}],"wp:term":[{"taxonomy":"category","embeddable":true,"href":"https:\/\/linitiative.ca\/International\/wp-json\/wp\/v2\/categories?post=125506"},{"taxonomy":"post_tag","embeddable":true,"href":"https:\/\/linitiative.ca\/International\/wp-json\/wp\/v2\/tags?post=125506"}],"curies":[{"name":"wp","href":"https:\/\/api.w.org\/{rel}","templated":true}]}}