{"id":125508,"date":"2021-08-29T06:58:45","date_gmt":"2021-08-29T10:58:45","guid":{"rendered":"https:\/\/linitiative.ca\/International\/gaoua-deux-personnes-soupconnees-davoir-participe-aux-actes-de-lynchage-de-lequipe-du-ccva-ont-ete-interpellees-procureur-du-faso\/"},"modified":"2021-08-29T06:58:45","modified_gmt":"2021-08-29T10:58:45","slug":"gaoua-deux-personnes-soupconnees-davoir-participe-aux-actes-de-lynchage-de-lequipe-du-ccva-ont-ete-interpellees-procureur-du-faso","status":"publish","type":"post","link":"https:\/\/linitiative.ca\/International\/gaoua-deux-personnes-soupconnees-davoir-participe-aux-actes-de-lynchage-de-lequipe-du-ccva-ont-ete-interpellees-procureur-du-faso\/","title":{"rendered":"Gaoua\u00a0: deux personnes soup\u00e7onn\u00e9es d\u2019avoir particip\u00e9 aux actes de lynchage de l\u2019\u00e9quipe du CCVA ont \u00e9t\u00e9 interpell\u00e9es (Procureur du Faso)  \u00a0"},"content":{"rendered":"<div>\n<p>\u00a0<\/p>\n<p><strong>Dans un communiqu\u00e9 en date du 28 aout \u00a0\u00a0 2021, le procureur du Faso pr\u00e8s le tribunal de grande instance de Gaoua informe que suite au lynchage de l\u2019\u00e9quipe du CCVA de Gaoua, une enqu\u00eate ouverte a permis d\u2019 identifier et d\u2019 interpeller deux personnes soup\u00e7onn\u00e9es d\u2019avoir particip\u00e9 \u00e0 ces actes.<\/strong><\/p>\n<p>Lire le communiqu\u00e9\u00a0 en int\u00e9gralit\u00e9 ci-dessous<\/p>\n<p>Le 27 ao\u00fbt 2021, aux environs de 15 heures, nous \u00e9tions inform\u00e9 par un de nos contacts de ce qu\u2019un accident mortel de la circulation routi\u00e8re, impliquant un v\u00e9hicule de marque Toyota RAV4 et un enfant, serait survenu dans le village de Banlo, localit\u00e9 situ\u00e9e dans la commune rurale de Broum-Broum, province du Poni, r\u00e9gion du Sud-Ouest. La m\u00eame source pr\u00e9cisait que l\u2019accident aurait caus\u00e9 la mort de l\u2019enfant et que les occupants du v\u00e9hicule auraient \u00e9t\u00e9 lynch\u00e9s par les riverains. Quelques temps apr\u00e8s, l\u2019information sur la survenance de l\u2019accident mortel nous \u00e9tait donn\u00e9e par le Commissaire de Police de District de Broum-Broum qui, toutefois, ne confirmait pas le \u00a0lynchage des occupants du v\u00e9hicule impliqu\u00e9 dans l\u2019accident.<\/p>\n<p>S\u2019\u00e9tant d\u00e9port\u00e9s sur les lieux, les \u00e9l\u00e9ments de police proc\u00e9daient aux constatations d\u2019usage de l\u2019accident et le corps sans vie de l\u2019enfant KAMBOU Sami Ambroise, \u00e2g\u00e9 d\u2019environ dix (10) ans, \u00a0qui gisait sur place. La circulation\u00a0 \u00e9tait bloqu\u00e9e par une foule en furie qui avait d\u00e9j\u00e0 endommag\u00e9 le v\u00e9hicule. Des t\u00e9l\u00e9phones portables \u00e9taient retrouv\u00e9s dans le v\u00e9hicule, mais personne n\u2019\u00e9tait en mesure de donner des nouvelles de ses occupants. Le ratissage, fait par les \u00e9l\u00e9ments de la police apr\u00e8s les constatations, ne permettait pas non plus de retrouver les traces des occupants du v\u00e9hicule. Des chaussures seront trouv\u00e9es dans une zone mar\u00e9cageuse, mais cela ne laissait point pr\u00e9sager que le lynchage dont il est fait cas \u00e9tait av\u00e9r\u00e9.<\/p>\n<p>En pareille circonstance, en g\u00e9n\u00e9ral, l\u2019auteur de l\u2019accident prend la fuite dans le but de se r\u00e9fugier au poste de commissariat ou de gendarmerie le plus proche. Nous avons donc instruit le commissaire de police de faire tracter le v\u00e9hicule impliqu\u00e9 dans l\u2019accident en vue de le d\u00e9poser au commissariat en attendant que le propri\u00e9taire se manifeste.<\/p>\n<p>Pendant ce temps, malgr\u00e9 la persistance des rumeurs sur le lynchage des occupants du v\u00e9hicule, nos diff\u00e9rents contacts dans la localit\u00e9 n\u2019\u00e9taient pas en mesure de nous fournir des informations pr\u00e9cises sur la question.<\/p>\n<p>Finalement, c\u2019est aux environs de 3 heures du matin du 28 ao\u00fbt 2021 que le Commissaire de Police de District\u00a0 de Broum-Broum nous informait qu\u2019il avait \u00e9t\u00e9 contact\u00e9 par le Conseiller Villageois de D\u00e9veloppement (CVD) de Banlo qui l\u2019informait que, d\u00e8s les premiers instants de l\u2019accident, les trois (03) occupants du v\u00e9hicule avaient \u00e9t\u00e9 lynch\u00e9s, tu\u00e9s et leurs corps sans vie cach\u00e9s dans un champ de ma\u00efs \u00e0 environ un (01) kilom\u00e8tre du lieu de l\u2019accident. L\u2019officier de police ajoutait qu\u2019il s\u2019\u00e9tait rendu sur les lieux, accompagn\u00e9 de l\u2019oncle de l\u2019enfant victime de l\u2019accident et du CVD et avait effectivement constat\u00e9 la pr\u00e9sence de trois (03) corps dans le champ de ma\u00efs.<\/p>\n<p>C\u2019est ainsi qu\u2019une \u00e9quipe du parquet de Gaoua, d\u00e9p\u00each\u00e9e sur les lieux aux environs de 6 heures, en pr\u00e9sence des officiers de police judiciaire et de deux (02) agents de sant\u00e9, faisait le constat de trois (03) corps sans vie, pr\u00e9sentant des blessures caus\u00e9es par des objets contondants et tranchants. L\u2019un des corps pr\u00e9sentait des traces de projectiles, probablement caus\u00e9es par une arme \u00e0 feu dont on ignore la nature pour l\u2019instant.<\/p>\n<p>Idenfi\u00e9es, les victimes r\u00e9pondaient aux nom de OUEDRAOGO Harouna, de NABA Yentema Edmond et de NARE Jacques, tous agents du Centre de Contr\u00f4le des V\u00e9hicules Automobiles (CCVA) de Gaoua, allant \u00e0 Ouagadougou apr\u00e8s une c\u00e9r\u00e9monie de passation de service.<\/p>\n<p>A ce stade, une enqu\u00eate a \u00e9t\u00e9 ouverte, aussi bien sur les circonstances de l\u2019accident que sur celles du lynchage des trois (03) occupants du v\u00e9hicule en vue de situer les responsabilit\u00e9s. D\u2019ores et d\u00e9j\u00e0, l\u2019enqu\u00eate a permis d\u2019identifier et d\u2019interpeller deux (02) personnes soup\u00e7onn\u00e9es d\u2019avoir particip\u00e9 aux actes de lynchage.<\/p>\n<p>C\u2019est le lieu pour nous de rappeler qu\u2019en toutes circonstances,\u00a0 le pardon et la tol\u00e9rance doivent pr\u00e9dominer sur tous autres sentiments de vengeance et de justice priv\u00e9e qui sont de nature \u00e0 remettre en cause les valeurs du vivre ensemble et les principes de coh\u00e9sion sociale.<\/p>\n<p>En ces circonstances douloureuses, le Procureur du Faso, en son nom propre et au nom des membres du Tribunal de Grande Instance de Gaoua, pr\u00e9sente ses sinc\u00e8res condol\u00e9ances \u00e0 toutes les familles \u00e9plor\u00e9es et les assure que chacun des cas relev\u00e9s sera trait\u00e9 conform\u00e9ment \u00e0 la loi.<\/p>\n<p>Fait \u00e0 Gaoua, le 28 ao\u00fbt 2021<\/p>\n<p>Le Procureur du Faso<\/p>\n<p>\u00a0<\/p>\n<p>\u00a0<\/p>\n<p>L\u2019article <a rel=\"nofollow\" href=\"https:\/\/www.sidwaya.info\/blog\/2021\/08\/29\/lynchage-de-l-equipe-du-ccva-de-gaoua-deux-personnes-soupconnees-d-avoir-participe-aux-actes-de-lynchage-ont-ete-interpellees-procureur-du-faso\/\">Gaoua\u00a0: deux personnes soup\u00e7onn\u00e9es d\u2019avoir particip\u00e9 aux actes de lynchage de l\u2019\u00e9quipe du CCVA ont \u00e9t\u00e9 interpell\u00e9es (Procureur du Faso)  \u00a0<\/a> est apparu en premier sur <a rel=\"nofollow\" href=\"https:\/\/www.sidwaya.info\/\">Quotidien Sidwaya<\/a>.<\/p>\n<\/div>\n<p>Auteur: BANGRE SIDWAYA<br \/>\n<a href=\"https:\/\/www.sidwaya.info\/blog\/2021\/08\/29\/lynchage-de-l-equipe-du-ccva-de-gaoua-deux-personnes-soupconnees-d-avoir-participe-aux-actes-de-lynchage-ont-ete-interpellees-procureur-du-faso\/\">Cliquez ici pour lire l&rsquo;article depuis sa source.<\/a><\/p>\n","protected":false},"excerpt":{"rendered":"<p>\u00a0 Dans un communiqu\u00e9 en date du 28 aout \u00a0\u00a0 2021, le procureur du Faso pr\u00e8s le tribunal de grande instance de Gaoua informe que suite au lynchage de l\u2019\u00e9quipe du CCVA de Gaoua, une enqu\u00eate ouverte a permis d\u2019 identifier et d\u2019 interpeller deux personnes soup\u00e7onn\u00e9es d\u2019avoir particip\u00e9 \u00e0 ces actes. Lire le communiqu\u00e9\u00a0 [&hellip;]<\/p>\n","protected":false},"author":1816,"featured_media":0,"comment_status":"closed","ping_status":"closed","sticky":false,"template":"","format":"standard","meta":{"fifu_image_url":"","fifu_image_alt":"","footnotes":""},"categories":[73,81],"tags":[],"class_list":["post-125508","post","type-post","status-publish","format-standard","hentry","category-actualite","category-burkina-faso"],"_links":{"self":[{"href":"https:\/\/linitiative.ca\/International\/wp-json\/wp\/v2\/posts\/125508","targetHints":{"allow":["GET"]}}],"collection":[{"href":"https:\/\/linitiative.ca\/International\/wp-json\/wp\/v2\/posts"}],"about":[{"href":"https:\/\/linitiative.ca\/International\/wp-json\/wp\/v2\/types\/post"}],"author":[{"embeddable":true,"href":"https:\/\/linitiative.ca\/International\/wp-json\/wp\/v2\/users\/1816"}],"replies":[{"embeddable":true,"href":"https:\/\/linitiative.ca\/International\/wp-json\/wp\/v2\/comments?post=125508"}],"version-history":[{"count":0,"href":"https:\/\/linitiative.ca\/International\/wp-json\/wp\/v2\/posts\/125508\/revisions"}],"wp:attachment":[{"href":"https:\/\/linitiative.ca\/International\/wp-json\/wp\/v2\/media?parent=125508"}],"wp:term":[{"taxonomy":"category","embeddable":true,"href":"https:\/\/linitiative.ca\/International\/wp-json\/wp\/v2\/categories?post=125508"},{"taxonomy":"post_tag","embeddable":true,"href":"https:\/\/linitiative.ca\/International\/wp-json\/wp\/v2\/tags?post=125508"}],"curies":[{"name":"wp","href":"https:\/\/api.w.org\/{rel}","templated":true}]}}