{"id":125509,"date":"2021-08-28T18:18:01","date_gmt":"2021-08-28T22:18:01","guid":{"rendered":"https:\/\/linitiative.ca\/International\/covid-19-8-morts-et-290-cas-en-24-heures-en-cote-divoire\/"},"modified":"2021-08-28T18:18:01","modified_gmt":"2021-08-28T22:18:01","slug":"covid-19-8-morts-et-290-cas-en-24-heures-en-cote-divoire","status":"publish","type":"post","link":"https:\/\/linitiative.ca\/International\/covid-19-8-morts-et-290-cas-en-24-heures-en-cote-divoire\/","title":{"rendered":"Covid-19: 8 morts  et 290 cas en 24 heures en C\u00f4te d\u2019Ivoire"},"content":{"rendered":"<div>\n<p><img loading=\"lazy\" decoding=\"async\" width=\"720\" height=\"479\" src=\"https:\/\/linitiative.ca\/International\/wp-content\/uploads\/sites\/23\/2021\/08\/16301890815762.jpg\" class=\"attachment-post-thumbnail size-post-thumbnail wp-post-image\" alt=\"\" srcset=\"https:\/\/linitiative.ca\/International\/wp-content\/uploads\/sites\/23\/2021\/08\/16301890815762.jpg 720w, https:\/\/www.journalducameroun.com\/wp-content\/uploads\/2021\/08\/16301890815762-300x200.jpg 300w, https:\/\/www.journalducameroun.com\/wp-content\/uploads\/2021\/08\/16301890815762-661x440.jpg 661w, https:\/\/www.journalducameroun.com\/wp-content\/uploads\/2021\/08\/16301890815762-600x399.jpg 600w\" sizes=\"auto, (max-width: 720px) 100vw, 720px\"><\/p>\n<p>La C\u00f4te d&rsquo;Ivoire a enregistr\u00e9 huit morts de la Covid-19 et 290 nouveaux cas en 24 heures, selon un communiqu\u00e9 officiel publi\u00e9, samedi.<\/p>\n<p>Selon ce communiqu\u00e9, le minist\u00e8re de la Sant\u00e9, de l&rsquo;hygi\u00e8ne publique et de la couverture maladie universelle a enregistr\u00e9 ce \u00absamedi 28 ao\u00fbt 2021, 290 nouveaux cas de Covid-19 sur 4 927 \u00e9chantillons pr\u00e9lev\u00e9s soit 5,9 % de cas positifs, 98 gu\u00e9ris et 8 d\u00e9c\u00e8s \u00bb.<\/p>\n<p>A la date du 28 ao\u00fbt 2021, la C\u00f4te d&rsquo;Ivoire compte donc 54 856 cas confirm\u00e9s dont 53 119 personnes gu\u00e9ries, 424 d\u00e9c\u00e8s et 1 313 cas actifs. Le nombre total d&rsquo;\u00e9chantillons est de 888 751.<\/p>\n<p>Le 27 ao\u00fbt, 8 793 doses de vaccin ont \u00e9t\u00e9 administr\u00e9es soit un total de 1 310 778 doses du 1er mars au 27 ao\u00fbt.<\/p>\n<p>\u00ab Le ministre de la Sant\u00e9, de l&rsquo;hygi\u00e8ne publique et de la couverture maladie universelle invite toutes les personnes de plus de 18 ans \u00e0 se faire vacciner dans les centres de vaccination \u00bb, poursuit le communiqu\u00e9, pr\u00e9cisant que \u00ab la vaccination contre la Covid-19 est gratuite et volontaire \u00bb.<\/p>\n<p>Cet article <a rel=\"nofollow\" href=\"https:\/\/www.journalducameroun.com\/covid-19-8-morts-et-290-cas-en-24-heures-en-cote-divoire\/\">Covid-19: 8 morts  et 290 cas en 24 heures en C\u00f4te d\u2019Ivoire<\/a> est apparu en premier sur <a rel=\"nofollow\" href=\"https:\/\/www.journalducameroun.com\/\">Journal du Cameroun<\/a>.<\/p>\n<\/div>\n<p>Auteur: APA News<br \/>\n<a href=\"https:\/\/www.journalducameroun.com\/covid-19-8-morts-et-290-cas-en-24-heures-en-cote-divoire\/\">Cliquez ici pour lire l&rsquo;article depuis sa source.<\/a><\/p>\n","protected":false},"excerpt":{"rendered":"<p>La C\u00f4te d&rsquo;Ivoire a enregistr\u00e9 huit morts de la Covid-19 et 290 nouveaux cas en 24 heures, selon un communiqu\u00e9 officiel publi\u00e9, samedi. Selon ce communiqu\u00e9, le minist\u00e8re de la Sant\u00e9, de l&rsquo;hygi\u00e8ne publique et de la couverture maladie universelle a enregistr\u00e9 ce \u00absamedi 28 ao\u00fbt 2021, 290 nouveaux cas de Covid-19 sur 4 927 [&hellip;]<\/p>\n","protected":false},"author":1965,"featured_media":0,"comment_status":"closed","ping_status":"closed","sticky":false,"template":"","format":"standard","meta":{"fifu_image_url":"https:\/\/www.journalducameroun.com\/wp-content\/uploads\/2021\/08\/16301890815762.jpg","fifu_image_alt":"Covid-19: 8 morts  et 290 cas en 24 heures en C\u00f4te d\u2019Ivoire","footnotes":""},"categories":[73,82],"tags":[],"class_list":["post-125509","post","type-post","status-publish","format-standard","hentry","category-actualite","category-cameroun"],"_links":{"self":[{"href":"https:\/\/linitiative.ca\/International\/wp-json\/wp\/v2\/posts\/125509","targetHints":{"allow":["GET"]}}],"collection":[{"href":"https:\/\/linitiative.ca\/International\/wp-json\/wp\/v2\/posts"}],"about":[{"href":"https:\/\/linitiative.ca\/International\/wp-json\/wp\/v2\/types\/post"}],"author":[{"embeddable":true,"href":"https:\/\/linitiative.ca\/International\/wp-json\/wp\/v2\/users\/1965"}],"replies":[{"embeddable":true,"href":"https:\/\/linitiative.ca\/International\/wp-json\/wp\/v2\/comments?post=125509"}],"version-history":[{"count":0,"href":"https:\/\/linitiative.ca\/International\/wp-json\/wp\/v2\/posts\/125509\/revisions"}],"wp:attachment":[{"href":"https:\/\/linitiative.ca\/International\/wp-json\/wp\/v2\/media?parent=125509"}],"wp:term":[{"taxonomy":"category","embeddable":true,"href":"https:\/\/linitiative.ca\/International\/wp-json\/wp\/v2\/categories?post=125509"},{"taxonomy":"post_tag","embeddable":true,"href":"https:\/\/linitiative.ca\/International\/wp-json\/wp\/v2\/tags?post=125509"}],"curies":[{"name":"wp","href":"https:\/\/api.w.org\/{rel}","templated":true}]}}