{"id":125511,"date":"2021-08-28T20:18:01","date_gmt":"2021-08-29T00:18:01","guid":{"rendered":"https:\/\/linitiative.ca\/International\/le-russe-alexander-ivanko-nomme-representant-special-du-sg-de-lonu-pour-le-sahara-et-chef-de-la-minurso\/"},"modified":"2021-08-28T20:18:01","modified_gmt":"2021-08-29T00:18:01","slug":"le-russe-alexander-ivanko-nomme-representant-special-du-sg-de-lonu-pour-le-sahara-et-chef-de-la-minurso","status":"publish","type":"post","link":"https:\/\/linitiative.ca\/International\/le-russe-alexander-ivanko-nomme-representant-special-du-sg-de-lonu-pour-le-sahara-et-chef-de-la-minurso\/","title":{"rendered":"Le Russe Alexander Ivanko nomm\u00e9 Repr\u00e9sentant sp\u00e9cial du SG de l\u2019ONU pour le Sahara et chef de la Minurso"},"content":{"rendered":"<div>\n<p><img loading=\"lazy\" decoding=\"async\" width=\"768\" height=\"454\" src=\"https:\/\/linitiative.ca\/International\/wp-content\/uploads\/sites\/23\/2021\/08\/16301962826543.jpg\" class=\"attachment-post-thumbnail size-post-thumbnail wp-post-image\" alt=\"\" srcset=\"https:\/\/linitiative.ca\/International\/wp-content\/uploads\/sites\/23\/2021\/08\/16301962826543.jpg 768w, https:\/\/www.journalducameroun.com\/wp-content\/uploads\/2021\/08\/16301962826543-300x177.jpg 300w, https:\/\/www.journalducameroun.com\/wp-content\/uploads\/2021\/08\/16301962826543-744x440.jpg 744w, https:\/\/www.journalducameroun.com\/wp-content\/uploads\/2021\/08\/16301962826543-600x355.jpg 600w\" sizes=\"auto, (max-width: 768px) 100vw, 768px\"><\/p>\n<p>Le Secr\u00e9taire g\u00e9n\u00e9ral des Nations-Unies, Antonio Guterres, a annonc\u00e9 vendredi la nomination du Russe Alexander Ivanko en tant que son Repr\u00e9sentant sp\u00e9cial pour le Sahara et chef de la MINURSO.Ivanko succ\u00e8de au Canadien Colin Stewart, \u00e0 \u00ab\u00a0qui le Secr\u00e9taire g\u00e9n\u00e9ral est reconnaissant pour son service d\u00e9vou\u00e9 et sa direction efficace de la MINURSO\u00a0\u00bb, a indiqu\u00e9 le porte-parole de l&rsquo;ONU, St\u00e9phane Dujarric, lors de son point de presse.<\/p>\n<p>\u201cChef de cabinet de la MINURSO depuis 2009, Alexander Ivanko apporte \u00e0 ce poste plus de 30 ans d&rsquo;exp\u00e9rience dans les affaires internationales, le maintien de la paix et le journalisme\u201d, a fait savoir M. Dujarric .<\/p>\n<p>Ivanko a commenc\u00e9 sa carri\u00e8re dans le journalisme, travaillant comme correspondant en Afghanistan et aux \u00c9tats-Unis pour un journal russe. Il a \u00e9galement \u00e9t\u00e9 conseiller principal aupr\u00e8s de l&rsquo;Organisation pour la s\u00e9curit\u00e9 et la coop\u00e9ration en Europe (1998-2005).<\/p>\n<p>Cet article <a rel=\"nofollow\" href=\"https:\/\/www.journalducameroun.com\/le-russe-alexander-ivanko-nomme-representant-special-du-sg-de-lonu-pour-le-sahara-et-chef-de-la-minurso\/\">Le Russe Alexander Ivanko nomm\u00e9 Repr\u00e9sentant sp\u00e9cial du SG de l\u2019ONU pour le Sahara et chef de la Minurso<\/a> est apparu en premier sur <a rel=\"nofollow\" href=\"https:\/\/www.journalducameroun.com\/\">Journal du Cameroun<\/a>.<\/p>\n<\/div>\n<p>Auteur: APA News<br \/>\n<a href=\"https:\/\/www.journalducameroun.com\/le-russe-alexander-ivanko-nomme-representant-special-du-sg-de-lonu-pour-le-sahara-et-chef-de-la-minurso\/\">Cliquez ici pour lire l&rsquo;article depuis sa source.<\/a><\/p>\n","protected":false},"excerpt":{"rendered":"<p>Le Secr\u00e9taire g\u00e9n\u00e9ral des Nations-Unies, Antonio Guterres, a annonc\u00e9 vendredi la nomination du Russe Alexander Ivanko en tant que son Repr\u00e9sentant sp\u00e9cial pour le Sahara et chef de la MINURSO.Ivanko succ\u00e8de au Canadien Colin Stewart, \u00e0 \u00ab\u00a0qui le Secr\u00e9taire g\u00e9n\u00e9ral est reconnaissant pour son service d\u00e9vou\u00e9 et sa direction efficace de la MINURSO\u00a0\u00bb, a indiqu\u00e9 [&hellip;]<\/p>\n","protected":false},"author":1965,"featured_media":0,"comment_status":"closed","ping_status":"closed","sticky":false,"template":"","format":"standard","meta":{"fifu_image_url":"https:\/\/www.journalducameroun.com\/wp-content\/uploads\/2021\/08\/16301962826543.jpg","fifu_image_alt":"Le Russe Alexander Ivanko nomm\u00e9 Repr\u00e9sentant sp\u00e9cial du SG de l\u2019ONU pour le Sahara et chef de la Minurso","footnotes":""},"categories":[73,82],"tags":[],"class_list":["post-125511","post","type-post","status-publish","format-standard","hentry","category-actualite","category-cameroun"],"_links":{"self":[{"href":"https:\/\/linitiative.ca\/International\/wp-json\/wp\/v2\/posts\/125511","targetHints":{"allow":["GET"]}}],"collection":[{"href":"https:\/\/linitiative.ca\/International\/wp-json\/wp\/v2\/posts"}],"about":[{"href":"https:\/\/linitiative.ca\/International\/wp-json\/wp\/v2\/types\/post"}],"author":[{"embeddable":true,"href":"https:\/\/linitiative.ca\/International\/wp-json\/wp\/v2\/users\/1965"}],"replies":[{"embeddable":true,"href":"https:\/\/linitiative.ca\/International\/wp-json\/wp\/v2\/comments?post=125511"}],"version-history":[{"count":0,"href":"https:\/\/linitiative.ca\/International\/wp-json\/wp\/v2\/posts\/125511\/revisions"}],"wp:attachment":[{"href":"https:\/\/linitiative.ca\/International\/wp-json\/wp\/v2\/media?parent=125511"}],"wp:term":[{"taxonomy":"category","embeddable":true,"href":"https:\/\/linitiative.ca\/International\/wp-json\/wp\/v2\/categories?post=125511"},{"taxonomy":"post_tag","embeddable":true,"href":"https:\/\/linitiative.ca\/International\/wp-json\/wp\/v2\/tags?post=125511"}],"curies":[{"name":"wp","href":"https:\/\/api.w.org\/{rel}","templated":true}]}}