{"id":125513,"date":"2021-08-28T20:18:02","date_gmt":"2021-08-29T00:18:02","guid":{"rendered":"https:\/\/linitiative.ca\/International\/covid-19-le-canada-suspend-pour-un-mois-tous-les-vols-directs-en-provenance-du-maroc\/"},"modified":"2021-08-28T20:18:02","modified_gmt":"2021-08-29T00:18:02","slug":"covid-19-le-canada-suspend-pour-un-mois-tous-les-vols-directs-en-provenance-du-maroc","status":"publish","type":"post","link":"https:\/\/linitiative.ca\/International\/covid-19-le-canada-suspend-pour-un-mois-tous-les-vols-directs-en-provenance-du-maroc\/","title":{"rendered":"Covid-19 : Le Canada suspend pour un mois tous les vols directs en provenance du Maroc"},"content":{"rendered":"<div>\n<p><img loading=\"lazy\" decoding=\"async\" width=\"722\" height=\"404\" src=\"https:\/\/linitiative.ca\/International\/wp-content\/uploads\/sites\/23\/2021\/08\/16301962827379.jpg\" class=\"attachment-post-thumbnail size-post-thumbnail wp-post-image\" alt=\"\" srcset=\"https:\/\/linitiative.ca\/International\/wp-content\/uploads\/sites\/23\/2021\/08\/16301962827379.jpg 722w, https:\/\/www.journalducameroun.com\/wp-content\/uploads\/2021\/08\/16301962827379-300x168.jpg 300w, https:\/\/www.journalducameroun.com\/wp-content\/uploads\/2021\/08\/16301962827379-160x90.jpg 160w, https:\/\/www.journalducameroun.com\/wp-content\/uploads\/2021\/08\/16301962827379-240x135.jpg 240w, https:\/\/www.journalducameroun.com\/wp-content\/uploads\/2021\/08\/16301962827379-600x336.jpg 600w\" sizes=\"auto, (max-width: 722px) 100vw, 722px\"><\/p>\n<p>Le Canada a annonc\u00e9 samedi la suspension pour un mois de tous les vols directs commerciaux et priv\u00e9s en provenance du Maroc, en raison de la pand\u00e9mie de coronavirus.Le minist\u00e8re des Transports explique sa d\u00e9cision dans un communiqu\u00e9 par \u00ab\u00a0l&rsquo;augmentation du nombre de r\u00e9sultats positifs \u00e0 des tests de d\u00e9pistage de la Covid-19 observ\u00e9e chez des voyageurs en provenance du Maroc au cours des derniers mois\u00a0\u00bb.<\/p>\n<p>En cons\u00e9quence, Transports Canada indique publier un avis aux navigants (NOTAM) \u00ab\u00a0visant \u00e0 restreindre tous les vols directs de passagers commerciaux et priv\u00e9s qui se rendent au Canada au d\u00e9part du Maroc \u00e0 partir du 29 ao\u00fbt 2021 \u00e0 0H01 HAE (04H01 GMT), jusqu&rsquo;au 29 septembre 2021, \u00e0 0H00 heure HAE\u00a0\u00bb (04H00 GMT).<\/p>\n<p>Les vols de fret ainsi que les transferts m\u00e9dicaux ou les vols militaires sont exclus de cette mesure.<\/p>\n<p>Transports Canada pr\u00e9cise que les vols en provenance du Maroc d\u00e9j\u00e0 en route seront autoris\u00e9s \u00e0 entrer au Canada mais que les voyageurs arrivant par ces vols devront \u00eatre d\u00e9pist\u00e9s \u00e0 leur arriv\u00e9e.<\/p>\n<p>Les passagers se rendant au Canada \u00e0 partir du Maroc en faisant escale dans un autre pays \u00ab\u00a0devront passer un test de d\u00e9pistage de la Covid-19 valide avant leur d\u00e9part d&rsquo;un pays tiers (autre que le Maroc) pour poursuivre leur voyage jusqu&rsquo;au Canada\u00a0\u00bb, indique encore le minist\u00e8re.<\/p>\n<p>Ottawa travaillera en collaboration avec le gouvernement marocain et les compagnies a\u00e9riennes pour \u00ab\u00a0veiller \u00e0 ce que des proc\u00e9dures appropri\u00e9es soient mises en place afin de permettre une reprise s\u00e9curitaire des vols directs d\u00e8s que les conditions le permettront\u00a0\u00bb, ajoute Transports Canada.<\/p>\n<p>Cet article <a rel=\"nofollow\" href=\"https:\/\/www.journalducameroun.com\/covid-19-le-canada-suspend-pour-un-mois-tous-les-vols-directs-en-provenance-du-maroc\/\">Covid-19 : Le Canada suspend pour un mois tous les vols directs en provenance du Maroc<\/a> est apparu en premier sur <a rel=\"nofollow\" href=\"https:\/\/www.journalducameroun.com\/\">Journal du Cameroun<\/a>.<\/p>\n<\/div>\n<p>Auteur: APA News<br \/>\n<a href=\"https:\/\/www.journalducameroun.com\/covid-19-le-canada-suspend-pour-un-mois-tous-les-vols-directs-en-provenance-du-maroc\/\">Cliquez ici pour lire l&rsquo;article depuis sa source.<\/a><\/p>\n","protected":false},"excerpt":{"rendered":"<p>Le Canada a annonc\u00e9 samedi la suspension pour un mois de tous les vols directs commerciaux et priv\u00e9s en provenance du Maroc, en raison de la pand\u00e9mie de coronavirus.Le minist\u00e8re des Transports explique sa d\u00e9cision dans un communiqu\u00e9 par \u00ab\u00a0l&rsquo;augmentation du nombre de r\u00e9sultats positifs \u00e0 des tests de d\u00e9pistage de la Covid-19 observ\u00e9e chez [&hellip;]<\/p>\n","protected":false},"author":1965,"featured_media":0,"comment_status":"closed","ping_status":"closed","sticky":false,"template":"","format":"standard","meta":{"fifu_image_url":"https:\/\/www.journalducameroun.com\/wp-content\/uploads\/2021\/08\/16301962827379.jpg","fifu_image_alt":"Covid-19 : Le Canada suspend pour un mois tous les vols directs en provenance du Maroc","footnotes":""},"categories":[73,82],"tags":[],"class_list":["post-125513","post","type-post","status-publish","format-standard","hentry","category-actualite","category-cameroun"],"_links":{"self":[{"href":"https:\/\/linitiative.ca\/International\/wp-json\/wp\/v2\/posts\/125513","targetHints":{"allow":["GET"]}}],"collection":[{"href":"https:\/\/linitiative.ca\/International\/wp-json\/wp\/v2\/posts"}],"about":[{"href":"https:\/\/linitiative.ca\/International\/wp-json\/wp\/v2\/types\/post"}],"author":[{"embeddable":true,"href":"https:\/\/linitiative.ca\/International\/wp-json\/wp\/v2\/users\/1965"}],"replies":[{"embeddable":true,"href":"https:\/\/linitiative.ca\/International\/wp-json\/wp\/v2\/comments?post=125513"}],"version-history":[{"count":0,"href":"https:\/\/linitiative.ca\/International\/wp-json\/wp\/v2\/posts\/125513\/revisions"}],"wp:attachment":[{"href":"https:\/\/linitiative.ca\/International\/wp-json\/wp\/v2\/media?parent=125513"}],"wp:term":[{"taxonomy":"category","embeddable":true,"href":"https:\/\/linitiative.ca\/International\/wp-json\/wp\/v2\/categories?post=125513"},{"taxonomy":"post_tag","embeddable":true,"href":"https:\/\/linitiative.ca\/International\/wp-json\/wp\/v2\/tags?post=125513"}],"curies":[{"name":"wp","href":"https:\/\/api.w.org\/{rel}","templated":true}]}}