{"id":125515,"date":"2021-08-29T13:18:01","date_gmt":"2021-08-29T17:18:01","guid":{"rendered":"https:\/\/linitiative.ca\/International\/football-ivoirien-le-club-afad-devient-afad-plateau\/"},"modified":"2021-08-29T13:18:01","modified_gmt":"2021-08-29T17:18:01","slug":"football-ivoirien-le-club-afad-devient-afad-plateau","status":"publish","type":"post","link":"https:\/\/linitiative.ca\/International\/football-ivoirien-le-club-afad-devient-afad-plateau\/","title":{"rendered":"Football ivoirien: le club AFAD devient AFAD-Plateau"},"content":{"rendered":"<div>\n<p><img loading=\"lazy\" decoding=\"async\" width=\"1080\" height=\"810\" src=\"https:\/\/linitiative.ca\/International\/wp-content\/uploads\/sites\/23\/2021\/08\/16302574821858.jpg\" class=\"attachment-post-thumbnail size-post-thumbnail wp-post-image\" alt=\"\" srcset=\"https:\/\/linitiative.ca\/International\/wp-content\/uploads\/sites\/23\/2021\/08\/16302574821858.jpg 1080w, https:\/\/www.journalducameroun.com\/wp-content\/uploads\/2021\/08\/16302574821858-300x225.jpg 300w, https:\/\/www.journalducameroun.com\/wp-content\/uploads\/2021\/08\/16302574821858-768x576.jpg 768w, https:\/\/www.journalducameroun.com\/wp-content\/uploads\/2021\/08\/16302574821858-1024x768.jpg 1024w, https:\/\/www.journalducameroun.com\/wp-content\/uploads\/2021\/08\/16302574821858-587x440.jpg 587w, https:\/\/www.journalducameroun.com\/wp-content\/uploads\/2021\/08\/16302574821858-600x450.jpg 600w\" sizes=\"auto, (max-width: 1080px) 100vw, 1080px\"><\/p>\n<p>Le club ivoirien de football AFAD devient AFAD-Plateau, \u00e0 la suite d&rsquo;une augmentation de 100% de l&rsquo;apport de la mairie du Plateau, le centres des Affaires d&rsquo;Abidjan, dans ce club, et de son implication dans sa gestion.<\/p>\n<p>L&rsquo;ambition de la mairie du Plateau en int\u00e9grant les organes de gestion du club de l&rsquo;Acad\u00e9mie de Football Amadou Diallo (AFAD) est d&rsquo;en faire l&rsquo;un des plus grands de C\u00f4te d&rsquo;Ivoire et de l&rsquo;Afrique. \u00a0<\/p>\n<p>Dans cette optique, la mairie de la commune du Plateau et l&rsquo;Acad\u00e9mie de Football Amadou Diallo (AFAD), ont proc\u00e9d\u00e9 le 27 ao\u00fbt 2021, dans un \u00e9tablissement h\u00f4telier de la place, \u00e0 la signature d&rsquo;une convention de partenariat.\u00a0<\/p>\n<p>Cet accord qui lie les deux entit\u00e9s a \u00e9t\u00e9 sign\u00e9 par le pr\u00e9sident de l&rsquo;AFAD, M. Jacques Anouma, ancien pr\u00e9sident de la F\u00e9d\u00e9ration ivoirienne de football (FIF) et par le d\u00e9put\u00e9-maire de la commune du Plateau, M. Jacques Gabriel Ehouo.\u00a0<\/p>\n<p>Cette convention sign\u00e9e est l&rsquo;aboutissement de plusieurs mois de discussions entre les deux parties. La mairie du Plateau qui subventionnait d\u00e9j\u00e0 le club depuis plusieurs ann\u00e9es a accru de 100% son apport dans ce club.\u00a0<\/p>\n<p>La mairie du Plateau s&rsquo;impliquera d\u00e9sormais dans la gestion et le d\u00e9veloppement de l&rsquo;AFAD. Le premier vice-pr\u00e9sident senior et membre fondateur du club, Idriss Yacine Diallo, a pr\u00e9sent\u00e9 \u00e0 cette occasion le nouveau logo de l&rsquo;AFAD. \u00a0<\/p>\n<p>M. Jacques Anouma, pr\u00e9sident de l&rsquo;AFAD, a remerci\u00e9 le Conseil municipal du Plateau pour avoir r\u00e9pondu favorablement \u00e0 leur sollicitation et a indiqu\u00e9 que ce partenariat cadre bien avec les ambitions du Comit\u00e9 ex\u00e9cutif du club.\u00a0<\/p>\n<p>Ce partenariat vise \u00e0 apporter un nouveau mod\u00e8le \u00e9conomique et un nouveau cadre de management, plus adapt\u00e9 et plus propice au d\u00e9veloppement du club, a fait savoir M. Anouma.\u00a0<\/p>\n<p>M. Ehouo, le premier magistrat de la commune du Plateau, est devenu par la signature de cet accord le 3\u00e8me vice-pr\u00e9sident et pr\u00e9sident du Comit\u00e9 strat\u00e9gique de d\u00e9v\u00e9loppement de \u00a0l&rsquo;AFAD.<\/p>\n<p>Le d\u00e9put\u00e9-maire du Plateau s&rsquo;est r\u00e9joui des opportunit\u00e9s qu&rsquo;offre ce partenariat qui s&rsquo;inscrit dans la vision \u00e9cocitoyenne du Conseil municipal du Plateau, notamment la formation, la d\u00e9tection et l&rsquo;insertion des jeunes au niveau sportif.<\/p>\n<p>Cette convention, dira-t-il, a \u00e9galement pour but de promouvoir la commune du Plateau, qui abrite en son sein le mythique stade F\u00e9lix Houphou\u00ebt-Boigny et qui a produit des talents comme les fr\u00e8res Yaya et Kolo Tour\u00e9, Wilfried Bony, Igor Lolo, Angban Vincent.\u00a0<\/p>\n<p>M. Fran\u00e7ois Allah, le directeur de Cabinet du minist\u00e8re de la Promotion des Sports et du d\u00e9veloppement de l&rsquo;\u00e9conomie sportive, repr\u00e9sentant le ministre Paulin Claude Danho, s&rsquo;est f\u00e9licit\u00e9 de cet acte, soutenant que le sport a besoin d&rsquo;\u00eatre structur\u00e9.<\/p>\n<p>Le repr\u00e9sentant du ministre des Sports a fait observer que la vision du gouvernement est de faire en sorte que ce secteur soit une industrie qui cr\u00e9e des emplois, invitant tout un chacun \u00e0 soutenir ce genre de projet. \u00a0<\/p>\n<p>Cet article <a rel=\"nofollow\" href=\"https:\/\/www.journalducameroun.com\/football-ivoirien-le-club-afad-devient-afad-plateau\/\">Football ivoirien: le club AFAD devient AFAD-Plateau<\/a> est apparu en premier sur <a rel=\"nofollow\" href=\"https:\/\/www.journalducameroun.com\/\">Journal du Cameroun<\/a>.<\/p>\n<\/div>\n<p>Auteur: APA News<br \/>\n<a href=\"https:\/\/www.journalducameroun.com\/football-ivoirien-le-club-afad-devient-afad-plateau\/\">Cliquez ici pour lire l&rsquo;article depuis sa source.<\/a><\/p>\n","protected":false},"excerpt":{"rendered":"<p>Le club ivoirien de football AFAD devient AFAD-Plateau, \u00e0 la suite d&rsquo;une augmentation de 100% de l&rsquo;apport de la mairie du Plateau, le centres des Affaires d&rsquo;Abidjan, dans ce club, et de son implication dans sa gestion. L&rsquo;ambition de la mairie du Plateau en int\u00e9grant les organes de gestion du club de l&rsquo;Acad\u00e9mie de Football [&hellip;]<\/p>\n","protected":false},"author":1965,"featured_media":0,"comment_status":"closed","ping_status":"closed","sticky":false,"template":"","format":"standard","meta":{"fifu_image_url":"https:\/\/www.journalducameroun.com\/wp-content\/uploads\/2021\/08\/16302574821858.jpg","fifu_image_alt":"Football ivoirien: le club AFAD devient AFAD-Plateau","footnotes":""},"categories":[73,82],"tags":[],"class_list":["post-125515","post","type-post","status-publish","format-standard","hentry","category-actualite","category-cameroun"],"_links":{"self":[{"href":"https:\/\/linitiative.ca\/International\/wp-json\/wp\/v2\/posts\/125515","targetHints":{"allow":["GET"]}}],"collection":[{"href":"https:\/\/linitiative.ca\/International\/wp-json\/wp\/v2\/posts"}],"about":[{"href":"https:\/\/linitiative.ca\/International\/wp-json\/wp\/v2\/types\/post"}],"author":[{"embeddable":true,"href":"https:\/\/linitiative.ca\/International\/wp-json\/wp\/v2\/users\/1965"}],"replies":[{"embeddable":true,"href":"https:\/\/linitiative.ca\/International\/wp-json\/wp\/v2\/comments?post=125515"}],"version-history":[{"count":0,"href":"https:\/\/linitiative.ca\/International\/wp-json\/wp\/v2\/posts\/125515\/revisions"}],"wp:attachment":[{"href":"https:\/\/linitiative.ca\/International\/wp-json\/wp\/v2\/media?parent=125515"}],"wp:term":[{"taxonomy":"category","embeddable":true,"href":"https:\/\/linitiative.ca\/International\/wp-json\/wp\/v2\/categories?post=125515"},{"taxonomy":"post_tag","embeddable":true,"href":"https:\/\/linitiative.ca\/International\/wp-json\/wp\/v2\/tags?post=125515"}],"curies":[{"name":"wp","href":"https:\/\/api.w.org\/{rel}","templated":true}]}}