{"id":125519,"date":"2021-08-29T13:47:30","date_gmt":"2021-08-29T17:47:30","guid":{"rendered":"https:\/\/linitiative.ca\/International\/cicam-va-demanteler-une-partie-de-ses-unites-industrielles-a-douala\/"},"modified":"2021-08-29T13:47:30","modified_gmt":"2021-08-29T17:47:30","slug":"cicam-va-demanteler-une-partie-de-ses-unites-industrielles-a-douala","status":"publish","type":"post","link":"https:\/\/linitiative.ca\/International\/cicam-va-demanteler-une-partie-de-ses-unites-industrielles-a-douala\/","title":{"rendered":"Cicam va d\u00e9manteler une partie de ses unit\u00e9s industrielles \u00e0 Douala"},"content":{"rendered":"<div>\n<p>La Cotonni\u00e8re industrielle du Cameroun (Cicam) est actuellement \u00e0 la recherche d\u2019un consultant en charge de la r\u00e9alisation d\u2019une \u00e9tude de faisabilit\u00e9 portant sur un programme de red\u00e9ploiement de ses unit\u00e9s industrielles situ\u00e9es dans la zone industrielle de la Magzi \u00e0 Douala, vers les sites de Douala-Bassa et de Garoua. C\u2019est ce que renseigne un avis de sollicitation \u00e0 manifestation d\u2019int\u00e9r\u00eat lanc\u00e9 le 13 ao\u00fbt dernier par le directeur g\u00e9n\u00e9ral de la Cicam, Edouard Ebah Abada. Concr\u00e8tement, cette action vise \u00e0\u00a0\u00ab\u00a0\u00e9valuer de fa\u00e7on exhaustive et objective la faisabilit\u00e9 d\u2019un red\u00e9ploiement des unit\u00e9s industrielles de Cicam, 2 vers les sites de Douala-Bassa (Cicam 1) et Cicam Garoua, et d\u2019en appr\u00e9cier tous les aspects juridique, technique, financier et organisationnel concernant la Cicam et les autres structures (Cofil et Sitraco) pr\u00e9sentes sur ledit site\u00a0\u00bb, lit-on dans cet avis.<\/p>\n<p><strong>Lire aussi<\/strong> : <strong><a href=\"https:\/\/ecomatin.net\/filiere-cotonn-textile-comment-sauver-r-la-cicam-de-son-agonie\/\">Fili\u00e8re coton-textile : comment sauver la Cicam de son agonie<\/a><\/strong><\/p>\n<p>Il s\u2019agira donc pour le consultant d\u2019\u00e9valuer la pertinence, l\u2019efficacit\u00e9, l\u2019efficience et la durabilit\u00e9 du programme envisag\u00e9, avec des conclusions et recommandations formul\u00e9es sur les plans technique, juridique, financier, commercial\u2026 Au plan juridique, le consultant fera un \u00e9tat des lieux complet de la situation juridique de la Cicam ; identifiera les risques, les cons\u00e9quences et les opportunit\u00e9s sur le plan juridique de l\u2019op\u00e9ration de d\u00e9mant\u00e8lement\/red\u00e9ploiement des unit\u00e9s industrielles ; \u00e9tudiera les cas des soci\u00e9t\u00e9s Cofil et Sitraco. Au plan technique, de faire un \u00e9tat des lieux complet des sites d\u2019accueil et d\u00e9finir les machines \u00e0 implanter\u00a0; r\u00e9aliser une description de leur \u00e9tat physique\u00a0\u00a0et pr\u00e9senter les performances techniques de l\u2019outil de production ; identifier les installations pouvant \u00eatre red\u00e9ploy\u00e9es sans risque d\u2019\u00eatre mises hors service ; identifier les am\u00e9nagements \u00e0 r\u00e9aliser sur les sites d\u2019accueil entre autres.<\/p>\n<p><strong>Lire aussi<\/strong> : <strong><a href=\"https:\/\/ecomatin.net\/filiere-textile-la-cicam-mise-sur-son-usine-de-garoua-pour-sauver-son-chiffre-daffaires-en-2021\/\">Fili\u00e8re textile : la Cicam mise sur son usine de Garoua pour sauver son chiffre d\u2019affaires en 2021<\/a><\/strong><\/p>\n<p>Au plan organisationnel, de cerner la coh\u00e9rence du red\u00e9ploiement avec les objectifs strat\u00e9giques de la Cicam, notamment celles concernant la restructuration ; de proc\u00e9der \u00e0 une analyse des effectifs et de l\u2019impact du red\u00e9ploiement sur les structures organiques. En outre, l\u2019\u00e9tude va proc\u00e9der \u00e0 l\u2019analyse financi\u00e8re et \u00e9conomique de la mise en \u0153uvre d\u2019un tel red\u00e9ploiement de l\u2019entreprise et aussi \u00e0 l\u2019\u00e9valuation des co\u00fbts de l\u2019ensemble du projet, et surtout, le consultant devra proposer un plan de financement au maitre d\u2019ouvrage, avec des hypoth\u00e8ses de financement externe partiel ou total, et d\u2019autofinancement. Ces actions envisag\u00e9es par la Cicam rentre en droite ligne de son plan de restructuration, entam\u00e9 il y a peu par le Bureau de mise \u00e0 niveau des entreprises (BMN).<\/p>\n<p><strong>Lire aussi<\/strong> : <strong><a href=\"https:\/\/ecomatin.net\/cicam-vers-le-spectre-dune-nouvelle-annee-sombre\/\">Cicam : vers le spectre d\u2019une nouvelle ann\u00e9e sombre<\/a><\/strong><\/p>\n<p>L\u2019article <a rel=\"nofollow\" href=\"https:\/\/ecomatin.net\/cicam-va-demanteler-une-partie-de-ses-unites-s-industrielles-a-douala\/\">Cicam va d\u00e9manteler une partie de ses unit\u00e9s industrielles \u00e0 Douala<\/a> est apparu en premier sur <a rel=\"nofollow\" href=\"https:\/\/ecomatin.net\/\">EcoMatin<\/a>.<\/p>\n<\/div>\n<p>Auteur: Georges Semey<br \/>\n<a href=\"https:\/\/ecomatin.net\/cicam-va-demanteler-une-partie-de-ses-unites-s-industrielles-a-douala\/\">Cliquez ici pour lire l&rsquo;article depuis sa source.<\/a><\/p>\n","protected":false},"excerpt":{"rendered":"<p>La Cotonni\u00e8re industrielle du Cameroun (Cicam) est actuellement \u00e0 la recherche d\u2019un consultant en charge de la r\u00e9alisation d\u2019une \u00e9tude de faisabilit\u00e9 portant sur un programme de red\u00e9ploiement de ses unit\u00e9s industrielles situ\u00e9es dans la zone industrielle de la Magzi \u00e0 Douala, vers les sites de Douala-Bassa et de Garoua. C\u2019est ce que renseigne un [&hellip;]<\/p>\n","protected":false},"author":1969,"featured_media":0,"comment_status":"closed","ping_status":"closed","sticky":false,"template":"","format":"standard","meta":{"fifu_image_url":"","fifu_image_alt":"","footnotes":""},"categories":[82,78],"tags":[],"class_list":["post-125519","post","type-post","status-publish","format-standard","hentry","category-cameroun","category-economie"],"_links":{"self":[{"href":"https:\/\/linitiative.ca\/International\/wp-json\/wp\/v2\/posts\/125519","targetHints":{"allow":["GET"]}}],"collection":[{"href":"https:\/\/linitiative.ca\/International\/wp-json\/wp\/v2\/posts"}],"about":[{"href":"https:\/\/linitiative.ca\/International\/wp-json\/wp\/v2\/types\/post"}],"author":[{"embeddable":true,"href":"https:\/\/linitiative.ca\/International\/wp-json\/wp\/v2\/users\/1969"}],"replies":[{"embeddable":true,"href":"https:\/\/linitiative.ca\/International\/wp-json\/wp\/v2\/comments?post=125519"}],"version-history":[{"count":0,"href":"https:\/\/linitiative.ca\/International\/wp-json\/wp\/v2\/posts\/125519\/revisions"}],"wp:attachment":[{"href":"https:\/\/linitiative.ca\/International\/wp-json\/wp\/v2\/media?parent=125519"}],"wp:term":[{"taxonomy":"category","embeddable":true,"href":"https:\/\/linitiative.ca\/International\/wp-json\/wp\/v2\/categories?post=125519"},{"taxonomy":"post_tag","embeddable":true,"href":"https:\/\/linitiative.ca\/International\/wp-json\/wp\/v2\/tags?post=125519"}],"curies":[{"name":"wp","href":"https:\/\/api.w.org\/{rel}","templated":true}]}}