{"id":125522,"date":"2021-08-30T09:54:15","date_gmt":"2021-08-30T13:54:15","guid":{"rendered":"https:\/\/linitiative.ca\/International\/le-president-du-rni-au-chevet-de-la-population-de-souss\/"},"modified":"2021-08-30T09:54:15","modified_gmt":"2021-08-30T13:54:15","slug":"le-president-du-rni-au-chevet-de-la-population-de-souss","status":"publish","type":"post","link":"https:\/\/linitiative.ca\/International\/le-president-du-rni-au-chevet-de-la-population-de-souss\/","title":{"rendered":"Le pr\u00e9sident du RNI au chevet de la population de Souss"},"content":{"rendered":"<div>\n<p><img decoding=\"async\" width=\"300\" height=\"153\" src=\"https:\/\/linitiative.ca\/International\/wp-content\/uploads\/sites\/23\/2021\/08\/Le-president-du-RNI-au-chevet-de-la-population-de-Souss-300x153-1.jpg\" class=\"attachment-medium size-medium wp-post-image\" alt=\"\" loading=\"lazy\" srcset=\"\/\/aujourdhui.ma\/wp-content\/uploads\/2021\/08\/Le-president-du-RNI-au-chevet-de-la-population-de-Souss-300x153.jpg 300w, \/\/aujourdhui.ma\/wp-content\/uploads\/2021\/08\/Le-president-du-RNI-au-chevet-de-la-population-de-Souss-274x140.jpg 274w, \/\/aujourdhui.ma\/wp-content\/uploads\/2021\/08\/Le-president-du-RNI-au-chevet-de-la-population-de-Souss.jpg 746w, \/\/aujourdhui.ma\/wp-content\/uploads\/2021\/08\/Le-president-du-RNI-au-chevet-de-la-population-de-Souss-165x84.jpg 165w, \/\/aujourdhui.ma\/wp-content\/uploads\/2021\/08\/Le-president-du-RNI-au-chevet-de-la-population-de-Souss-702x358.jpg 702w\" sizes=\"auto, (max-width: 300px) 100vw, 300px\"><\/p>\n<p><span style=\"color: #800000;\"><strong>Aziz Akhannouch \u00e9mu apr\u00e8s une rencontre spontan\u00e9e avec un jeune boucher et un vendeur de menthe en qu\u00eate d\u2019une alternative politique et du changement pr\u00f4n\u00e9 par le RNI.<\/strong><\/span><span id=\"more-385381\"><\/span><\/p>\n<\/div>\n<p>Auteur: ALM<br \/>\n<a href=\"https:\/\/aujourdhui.ma\/politique\/le-president-du-rni-au-chevet-de-la-population-de-souss\">Cliquez ici pour lire l&rsquo;article depuis sa source.<\/a><\/p>\n","protected":false},"excerpt":{"rendered":"<p>Aziz Akhannouch \u00e9mu apr\u00e8s une rencontre spontan\u00e9e avec un jeune boucher et un vendeur de menthe en qu\u00eate d\u2019une alternative politique et du changement pr\u00f4n\u00e9 par le RNI. Auteur: ALM Cliquez ici pour lire l&rsquo;article depuis sa source.<\/p>\n","protected":false},"author":1759,"featured_media":0,"comment_status":"closed","ping_status":"closed","sticky":false,"template":"","format":"standard","meta":{"fifu_image_url":"https:\/\/aujourdhui.ma\/wp-content\/uploads\/2021\/08\/Le-president-du-RNI-au-chevet-de-la-population-de-Souss-300x153.jpg","fifu_image_alt":"Le pr\u00e9sident du RNI au chevet de la population de Souss","footnotes":""},"categories":[73,54],"tags":[],"class_list":["post-125522","post","type-post","status-publish","format-standard","hentry","category-actualite","category-maroc"],"_links":{"self":[{"href":"https:\/\/linitiative.ca\/International\/wp-json\/wp\/v2\/posts\/125522","targetHints":{"allow":["GET"]}}],"collection":[{"href":"https:\/\/linitiative.ca\/International\/wp-json\/wp\/v2\/posts"}],"about":[{"href":"https:\/\/linitiative.ca\/International\/wp-json\/wp\/v2\/types\/post"}],"author":[{"embeddable":true,"href":"https:\/\/linitiative.ca\/International\/wp-json\/wp\/v2\/users\/1759"}],"replies":[{"embeddable":true,"href":"https:\/\/linitiative.ca\/International\/wp-json\/wp\/v2\/comments?post=125522"}],"version-history":[{"count":0,"href":"https:\/\/linitiative.ca\/International\/wp-json\/wp\/v2\/posts\/125522\/revisions"}],"wp:attachment":[{"href":"https:\/\/linitiative.ca\/International\/wp-json\/wp\/v2\/media?parent=125522"}],"wp:term":[{"taxonomy":"category","embeddable":true,"href":"https:\/\/linitiative.ca\/International\/wp-json\/wp\/v2\/categories?post=125522"},{"taxonomy":"post_tag","embeddable":true,"href":"https:\/\/linitiative.ca\/International\/wp-json\/wp\/v2\/tags?post=125522"}],"curies":[{"name":"wp","href":"https:\/\/api.w.org\/{rel}","templated":true}]}}