{"id":125524,"date":"2021-08-30T10:00:47","date_gmt":"2021-08-30T14:00:47","guid":{"rendered":"https:\/\/linitiative.ca\/International\/al-hoceima-un-serial-killer-tue-deux-personnes-et-tente-de-mettre-fin-a-la-vie-de-la-troisieme\/"},"modified":"2021-08-30T10:00:47","modified_gmt":"2021-08-30T14:00:47","slug":"al-hoceima-un-serial-killer-tue-deux-personnes-et-tente-de-mettre-fin-a-la-vie-de-la-troisieme","status":"publish","type":"post","link":"https:\/\/linitiative.ca\/International\/al-hoceima-un-serial-killer-tue-deux-personnes-et-tente-de-mettre-fin-a-la-vie-de-la-troisieme\/","title":{"rendered":"Al Hoceima : Un serial killer tue deux personnes et tente de mettre fin \u00e0 la vie de la troisi\u00e8me"},"content":{"rendered":"<div>\n<p><img decoding=\"async\" width=\"300\" height=\"153\" src=\"https:\/\/linitiative.ca\/International\/wp-content\/uploads\/sites\/23\/2021\/08\/Crime-Police-300x153-1.jpg\" class=\"attachment-medium size-medium wp-post-image\" alt=\"\" loading=\"lazy\" srcset=\"\/\/aujourdhui.ma\/wp-content\/uploads\/2019\/12\/Crime-Police-300x153.jpg 300w, \/\/aujourdhui.ma\/wp-content\/uploads\/2019\/12\/Crime-Police.jpg 746w\" sizes=\"auto, (max-width: 300px) 100vw, 300px\"><\/p>\n<p><strong>Par un pur hasard, quelques jeunes hommes demeurant dans la r\u00e9gion d\u2019A\u00eft Kamra, situ\u00e9e \u00e0 dix-huit kilom\u00e8tres au sud de la ville d\u2019Al Hoceima, ont d\u00e9couvert, le mercredi 25 ao\u00fbt, au douar A\u00eft Daoud, une jeune femme gisant dans une mare de sang, son corps cribl\u00e9 de coups d\u2019arme tranchante, mais encore en vie.<\/strong><span id=\"more-385368\"><\/span><\/p>\n<p>Et si l\u2019un de ces jeunes hommes a alert\u00e9 les \u00e9l\u00e9ments de la gendarmerie royale et ceux de la protection civile et, en compagnie d\u2019autres personnes, il est rest\u00e9 pr\u00e8s de la jeune fille qui venait de perdre connaissance, les autres jeunes se sont lanc\u00e9s \u00e0 la recherche de celui qui a commis un tel crime. Effectivement, quelques kilom\u00e8tres plus loin, un homme qui semble perturb\u00e9, le sang coulait de sa t\u00eate, leur a mis la puce \u00e0 l\u2019oreille. D\u00e8s qu\u2019ils se sont approch\u00e9s de lui, il a jet\u00e9 des pierres pour les emp\u00eacher de le suivre. Mais, ils ont continu\u00e9 \u00e0 le suivre pour arriver, enfin, \u00e0 l\u2019encercler. Craignant d\u2019\u00eatre arr\u00eat\u00e9, il a brandi un couteau tentant de prendre la fuite. Mais en vain, il semble \u00eatre tomb\u00e9 dans leur filet. Ils l\u2019ont attaqu\u00e9 pour le malmener et l\u2019immobiliser. Enfin, ils l\u2019ont mis entre les mains des gendarmes qui semblent avoir d\u00e9j\u00e0 entam\u00e9 une enqu\u00eate depuis cinq jours pour tirer au clair l\u2019affaire de deux meurtres commis dans la m\u00eame commune rurale, A\u00eft Kamra. Le premier meurtre a eu lieu, le vendredi 20 ao\u00fbt, au douar Bouhem.<\/p>\n<p>Il s\u2019agit du cadavre d\u2019un homme, cribl\u00e9 de coups d\u2019arme tranchante. L\u2019enqu\u00eate a r\u00e9v\u00e9l\u00e9 qu\u2019il est un p\u00e8re de famille, quadrag\u00e9naire, originaire de Taounate. Le second meurtre remonte au mardi 24 ao\u00fbt lorsque les habitants du douar Izefzafen ont d\u00e9couvert, non loin de la route littorale reliant Al Hoceima \u00e0 T\u00e9touan, le cadavre d\u2019un jeune homme cribl\u00e9 de coups d\u2019arme tranchante que l\u2019enqu\u00eate a r\u00e9v\u00e9l\u00e9 qu\u2019il s\u2019agit d\u2019un jeune journalier, originaire d\u2019Errachidia. Le meurtrier de ces deux victimes est-il ce criminel qui venait d\u2019\u00eatre arr\u00eat\u00e9 pour avoir tent\u00e9 de tuer la jeune fille ? La r\u00e9ponse de ce mis en cause, originaire de Safi, mais avec une carte d\u2019identit\u00e9 nationale qui porte une adresse de T\u00e9touan \u00e9tait affirmative. En effet, selon l\u2019enqu\u00eate effectu\u00e9e par les gendarmes, il n\u2019a cess\u00e9 d\u2019ass\u00e9ner des coups de couteau \u00e0 ses deux premi\u00e8res victimes qu\u2019une fois qu\u2019elles sont pass\u00e9es de vie \u00e0 tr\u00e9pas. Et ce n\u2019est pas par hasard qu\u2019il a abandonn\u00e9 sa troisi\u00e8me victime, la jeune fille, sans s\u2019assurer qu\u2019elle ait rendu son dernier soupir. Mais, il n\u2019a pas pu continuer \u00e0 cribler son corps de coups.<\/p>\n<p>Car, elle a saisi une pierre et a commenc\u00e9 \u00e0 lui donner des coups au niveau de la t\u00eate. Avait- il commis d\u2019autres crimes de meurtres \u00e0 A\u00eft Kamra ou ailleurs ? Pour quel mobile a-t-il commis de tels meurtres ? L\u2019enqu\u00eate est toujours en cours pour avoir des r\u00e9ponses \u00e0 ces questions alors que la jeune fille est encore alit\u00e9e, entre la vie et la mort, \u00e0 l\u2019h\u00f4pital provincial Mohammed V, \u00e0 Al Hoceima.<\/p>\n<\/div>\n<p>Auteur: Abderrafii ALOUMLIKI<br \/>\n<a href=\"https:\/\/aujourdhui.ma\/faits-divers\/al-hoceima-un-serial-killer-tue-deux-personnes-et-tente-de-mettre-fin-a-la-vie-de-la-troisieme\">Cliquez ici pour lire l&rsquo;article depuis sa source.<\/a><\/p>\n","protected":false},"excerpt":{"rendered":"<p>Par un pur hasard, quelques jeunes hommes demeurant dans la r\u00e9gion d\u2019A\u00eft Kamra, situ\u00e9e \u00e0 dix-huit kilom\u00e8tres au sud de la ville d\u2019Al Hoceima, ont d\u00e9couvert, le mercredi 25 ao\u00fbt, au douar A\u00eft Daoud, une jeune femme gisant dans une mare de sang, son corps cribl\u00e9 de coups d\u2019arme tranchante, mais encore en vie. Et [&hellip;]<\/p>\n","protected":false},"author":1759,"featured_media":0,"comment_status":"closed","ping_status":"closed","sticky":false,"template":"","format":"standard","meta":{"fifu_image_url":"https:\/\/aujourdhui.ma\/wp-content\/uploads\/2019\/12\/Crime-Police-300x153.jpg","fifu_image_alt":"Al Hoceima : Un serial killer tue deux personnes et tente de mettre fin \u00e0 la vie de la troisi\u00e8me","footnotes":""},"categories":[73,54],"tags":[],"class_list":["post-125524","post","type-post","status-publish","format-standard","hentry","category-actualite","category-maroc"],"_links":{"self":[{"href":"https:\/\/linitiative.ca\/International\/wp-json\/wp\/v2\/posts\/125524","targetHints":{"allow":["GET"]}}],"collection":[{"href":"https:\/\/linitiative.ca\/International\/wp-json\/wp\/v2\/posts"}],"about":[{"href":"https:\/\/linitiative.ca\/International\/wp-json\/wp\/v2\/types\/post"}],"author":[{"embeddable":true,"href":"https:\/\/linitiative.ca\/International\/wp-json\/wp\/v2\/users\/1759"}],"replies":[{"embeddable":true,"href":"https:\/\/linitiative.ca\/International\/wp-json\/wp\/v2\/comments?post=125524"}],"version-history":[{"count":0,"href":"https:\/\/linitiative.ca\/International\/wp-json\/wp\/v2\/posts\/125524\/revisions"}],"wp:attachment":[{"href":"https:\/\/linitiative.ca\/International\/wp-json\/wp\/v2\/media?parent=125524"}],"wp:term":[{"taxonomy":"category","embeddable":true,"href":"https:\/\/linitiative.ca\/International\/wp-json\/wp\/v2\/categories?post=125524"},{"taxonomy":"post_tag","embeddable":true,"href":"https:\/\/linitiative.ca\/International\/wp-json\/wp\/v2\/tags?post=125524"}],"curies":[{"name":"wp","href":"https:\/\/api.w.org\/{rel}","templated":true}]}}