{"id":125526,"date":"2021-08-30T10:30:07","date_gmt":"2021-08-30T14:30:07","guid":{"rendered":"https:\/\/linitiative.ca\/International\/trafic-de-cocaine-un-moqadem-et-un-couple-arretes-a-marrakech-et-a-tanger\/"},"modified":"2021-08-30T10:30:07","modified_gmt":"2021-08-30T14:30:07","slug":"trafic-de-cocaine-un-moqadem-et-un-couple-arretes-a-marrakech-et-a-tanger","status":"publish","type":"post","link":"https:\/\/linitiative.ca\/International\/trafic-de-cocaine-un-moqadem-et-un-couple-arretes-a-marrakech-et-a-tanger\/","title":{"rendered":"Trafic de coca\u00efne : Un moqadem et un couple arr\u00eat\u00e9s \u00e0 Marrakech et \u00e0 Tanger"},"content":{"rendered":"<div>\n<p><img decoding=\"async\" width=\"300\" height=\"153\" src=\"https:\/\/linitiative.ca\/International\/wp-content\/uploads\/sites\/23\/2021\/08\/Cocaine-300x153-1.jpg\" class=\"attachment-medium size-medium wp-post-image\" alt=\"\" loading=\"lazy\" srcset=\"\/\/aujourdhui.ma\/wp-content\/uploads\/2018\/06\/Cocaine-300x153.jpg 300w, \/\/aujourdhui.ma\/wp-content\/uploads\/2018\/06\/Cocaine.jpg 746w\" sizes=\"auto, (max-width: 300px) 100vw, 300px\"><\/p>\n<p><strong>A Marrakech, un agent d\u2019autorit\u00e9, moqadem de son \u00e9tat, exer\u00e7ant \u00e0 l\u2019annexe administrative Riad Salam, situ\u00e9e \u00e0 l\u2019arrondissement de Gueliz, a \u00e9t\u00e9 arr\u00eat\u00e9, samedi, pour son implication dans une affaire de trafic de coca\u00efne.<\/strong><span id=\"more-385369\"><\/span><\/p>\n<p>Une quantit\u00e9 de cette drogue dure a \u00e9t\u00e9 saisie sur lui lorsqu\u2019il venait de rencontrer une femme qui travaillait pour le compte d\u2019un trafiquant de drogue dure. Cette derni\u00e8re a \u00e9t\u00e9 \u00e9galement mise hors d\u2019\u00e9tat de nuire alors que son chef est actuellement recherch\u00e9. Par ailleurs \u00e0 Tanger, un couple a \u00e9t\u00e9 arr\u00eat\u00e9, par les \u00e9l\u00e9ments du service pr\u00e9fectoral de la police judiciaire pour le m\u00eame motif. Il s\u2019agit d\u2019un jeune homme de vingt- huit ans, repris de justice, qui faisait l\u2019objet d\u2019une note de recherche \u00e0 l\u2019\u00e9chelle nationale et d\u2019une jeune femme de vingt-quatre ans, qui ont \u00e9t\u00e9 arr\u00eat\u00e9s, alors qu\u2019ils \u00e9taient \u00e0 bord d\u2019une voiture, au quartier Tanja Al Balia. Une fouille de la voiture s\u2019est sold\u00e9e par la saisie de 143 g de coca\u00efne, une balance \u00e9lectronique et une importante somme d\u2019argent.<\/p>\n<\/div>\n<p>Auteur: Abderrafii ALOUMLIKI<br \/>\n<a href=\"https:\/\/aujourdhui.ma\/faits-divers\/trafic-de-cocaine-un-moqadem-et-un-couple-arretes-a-marrakech-et-a-tanger\">Cliquez ici pour lire l&rsquo;article depuis sa source.<\/a><\/p>\n","protected":false},"excerpt":{"rendered":"<p>A Marrakech, un agent d\u2019autorit\u00e9, moqadem de son \u00e9tat, exer\u00e7ant \u00e0 l\u2019annexe administrative Riad Salam, situ\u00e9e \u00e0 l\u2019arrondissement de Gueliz, a \u00e9t\u00e9 arr\u00eat\u00e9, samedi, pour son implication dans une affaire de trafic de coca\u00efne. Une quantit\u00e9 de cette drogue dure a \u00e9t\u00e9 saisie sur lui lorsqu\u2019il venait de rencontrer une femme qui travaillait pour le [&hellip;]<\/p>\n","protected":false},"author":1759,"featured_media":0,"comment_status":"closed","ping_status":"closed","sticky":false,"template":"","format":"standard","meta":{"fifu_image_url":"https:\/\/aujourdhui.ma\/wp-content\/uploads\/2018\/06\/Cocaine-300x153.jpg","fifu_image_alt":"Trafic de coca\u00efne : Un moqadem et un couple arr\u00eat\u00e9s \u00e0 Marrakech et \u00e0 Tanger","footnotes":""},"categories":[73,54],"tags":[],"class_list":["post-125526","post","type-post","status-publish","format-standard","hentry","category-actualite","category-maroc"],"_links":{"self":[{"href":"https:\/\/linitiative.ca\/International\/wp-json\/wp\/v2\/posts\/125526","targetHints":{"allow":["GET"]}}],"collection":[{"href":"https:\/\/linitiative.ca\/International\/wp-json\/wp\/v2\/posts"}],"about":[{"href":"https:\/\/linitiative.ca\/International\/wp-json\/wp\/v2\/types\/post"}],"author":[{"embeddable":true,"href":"https:\/\/linitiative.ca\/International\/wp-json\/wp\/v2\/users\/1759"}],"replies":[{"embeddable":true,"href":"https:\/\/linitiative.ca\/International\/wp-json\/wp\/v2\/comments?post=125526"}],"version-history":[{"count":0,"href":"https:\/\/linitiative.ca\/International\/wp-json\/wp\/v2\/posts\/125526\/revisions"}],"wp:attachment":[{"href":"https:\/\/linitiative.ca\/International\/wp-json\/wp\/v2\/media?parent=125526"}],"wp:term":[{"taxonomy":"category","embeddable":true,"href":"https:\/\/linitiative.ca\/International\/wp-json\/wp\/v2\/categories?post=125526"},{"taxonomy":"post_tag","embeddable":true,"href":"https:\/\/linitiative.ca\/International\/wp-json\/wp\/v2\/tags?post=125526"}],"curies":[{"name":"wp","href":"https:\/\/api.w.org\/{rel}","templated":true}]}}