{"id":125531,"date":"2021-08-30T10:40:00","date_gmt":"2021-08-30T14:40:00","guid":{"rendered":"https:\/\/linitiative.ca\/International\/liberation-de-la-soeur-de-la-co-presidente-du-cma\/"},"modified":"2021-08-30T10:40:00","modified_gmt":"2021-08-30T14:40:00","slug":"liberation-de-la-soeur-de-la-co-presidente-du-cma","status":"publish","type":"post","link":"https:\/\/linitiative.ca\/International\/liberation-de-la-soeur-de-la-co-presidente-du-cma\/","title":{"rendered":"Lib\u00e9ration de la s\u0153ur de la Co-Pr\u00e9sidente du CMA"},"content":{"rendered":"<div>Les services de s\u00e9curit\u00e9 ont lib\u00e9r\u00e9 aujourd&rsquo;hui de Zina Nait Sid  la s\u0153ur de Kamira, co-pr\u00e9sidente du congr\u00e8s mondiale Amazigh, apr\u00e8s son arrestation hier, comme l&rsquo;a confirm\u00e9 son fr\u00e8re, Amer Nait Sid, dans une publication sur Facebook.<\/div>\n<p>Auteur:<br \/>\n<a href=\"https:\/\/www.liberte-algerie.com\/actualite\/liberation-de-la-soeur-de-la-co-presidente-du-cma-364171\">Cliquez ici pour lire l&rsquo;article depuis sa source.<\/a><\/p>\n","protected":false},"excerpt":{"rendered":"<p>Les services de s\u00e9curit\u00e9 ont lib\u00e9r\u00e9 aujourd&rsquo;hui de Zina Nait Sid la s\u0153ur de Kamira, co-pr\u00e9sidente du congr\u00e8s mondiale Amazigh, apr\u00e8s son arrestation hier, comme l&rsquo;a confirm\u00e9 son fr\u00e8re, Amer Nait Sid, dans une publication sur Facebook. Auteur: Cliquez ici pour lire l&rsquo;article depuis sa source.<\/p>\n","protected":false},"author":1742,"featured_media":0,"comment_status":"closed","ping_status":"closed","sticky":false,"template":"","format":"standard","meta":{"fifu_image_url":"","fifu_image_alt":"","footnotes":""},"categories":[73,53],"tags":[],"class_list":["post-125531","post","type-post","status-publish","format-standard","hentry","category-actualite","category-algerie"],"_links":{"self":[{"href":"https:\/\/linitiative.ca\/International\/wp-json\/wp\/v2\/posts\/125531","targetHints":{"allow":["GET"]}}],"collection":[{"href":"https:\/\/linitiative.ca\/International\/wp-json\/wp\/v2\/posts"}],"about":[{"href":"https:\/\/linitiative.ca\/International\/wp-json\/wp\/v2\/types\/post"}],"author":[{"embeddable":true,"href":"https:\/\/linitiative.ca\/International\/wp-json\/wp\/v2\/users\/1742"}],"replies":[{"embeddable":true,"href":"https:\/\/linitiative.ca\/International\/wp-json\/wp\/v2\/comments?post=125531"}],"version-history":[{"count":0,"href":"https:\/\/linitiative.ca\/International\/wp-json\/wp\/v2\/posts\/125531\/revisions"}],"wp:attachment":[{"href":"https:\/\/linitiative.ca\/International\/wp-json\/wp\/v2\/media?parent=125531"}],"wp:term":[{"taxonomy":"category","embeddable":true,"href":"https:\/\/linitiative.ca\/International\/wp-json\/wp\/v2\/categories?post=125531"},{"taxonomy":"post_tag","embeddable":true,"href":"https:\/\/linitiative.ca\/International\/wp-json\/wp\/v2\/tags?post=125531"}],"curies":[{"name":"wp","href":"https:\/\/api.w.org\/{rel}","templated":true}]}}