{"id":125532,"date":"2021-08-30T12:15:00","date_gmt":"2021-08-30T16:15:00","guid":{"rendered":"https:\/\/linitiative.ca\/International\/lancement-de-la-plus-importante-campagne-nationale-de-vaccination-a-partir-du-4-septembre\/"},"modified":"2021-08-30T12:15:00","modified_gmt":"2021-08-30T16:15:00","slug":"lancement-de-la-plus-importante-campagne-nationale-de-vaccination-a-partir-du-4-septembre","status":"publish","type":"post","link":"https:\/\/linitiative.ca\/International\/lancement-de-la-plus-importante-campagne-nationale-de-vaccination-a-partir-du-4-septembre\/","title":{"rendered":"Lancement de la \u00ab\u00a0plus importante\u00a0\u00bb campagne nationale de vaccination \u00e0 partir du 4 septembre"},"content":{"rendered":"<div>Le ministre de la Sant\u00e9, Abderrahmane Benbouzid a annonc\u00e9, lundi \u00e0 Alger, le lancement par le minist\u00e8re de la Sant\u00e9 de \u00ab\u00a0la plus importante campagne nationale de vaccination\u00a0\u00bb contre la Covid-19, parall\u00e8lement \u00e0 la rentr\u00e9e sociale.<\/div>\n<p>Auteur:<br \/>\n<a href=\"https:\/\/www.liberte-algerie.com\/actualite\/lancement-de-la-plus-importante-campagne-nationale-de-vaccination-a-partir-du-4-septembre-364173\">Cliquez ici pour lire l&rsquo;article depuis sa source.<\/a><\/p>\n","protected":false},"excerpt":{"rendered":"<p>Le ministre de la Sant\u00e9, Abderrahmane Benbouzid a annonc\u00e9, lundi \u00e0 Alger, le lancement par le minist\u00e8re de la Sant\u00e9 de \u00ab\u00a0la plus importante campagne nationale de vaccination\u00a0\u00bb contre la Covid-19, parall\u00e8lement \u00e0 la rentr\u00e9e sociale. Auteur: Cliquez ici pour lire l&rsquo;article depuis sa source.<\/p>\n","protected":false},"author":1742,"featured_media":0,"comment_status":"closed","ping_status":"closed","sticky":false,"template":"","format":"standard","meta":{"fifu_image_url":"","fifu_image_alt":"","footnotes":""},"categories":[73,53],"tags":[],"class_list":["post-125532","post","type-post","status-publish","format-standard","hentry","category-actualite","category-algerie"],"_links":{"self":[{"href":"https:\/\/linitiative.ca\/International\/wp-json\/wp\/v2\/posts\/125532","targetHints":{"allow":["GET"]}}],"collection":[{"href":"https:\/\/linitiative.ca\/International\/wp-json\/wp\/v2\/posts"}],"about":[{"href":"https:\/\/linitiative.ca\/International\/wp-json\/wp\/v2\/types\/post"}],"author":[{"embeddable":true,"href":"https:\/\/linitiative.ca\/International\/wp-json\/wp\/v2\/users\/1742"}],"replies":[{"embeddable":true,"href":"https:\/\/linitiative.ca\/International\/wp-json\/wp\/v2\/comments?post=125532"}],"version-history":[{"count":0,"href":"https:\/\/linitiative.ca\/International\/wp-json\/wp\/v2\/posts\/125532\/revisions"}],"wp:attachment":[{"href":"https:\/\/linitiative.ca\/International\/wp-json\/wp\/v2\/media?parent=125532"}],"wp:term":[{"taxonomy":"category","embeddable":true,"href":"https:\/\/linitiative.ca\/International\/wp-json\/wp\/v2\/categories?post=125532"},{"taxonomy":"post_tag","embeddable":true,"href":"https:\/\/linitiative.ca\/International\/wp-json\/wp\/v2\/tags?post=125532"}],"curies":[{"name":"wp","href":"https:\/\/api.w.org\/{rel}","templated":true}]}}