{"id":125533,"date":"2021-08-30T12:45:00","date_gmt":"2021-08-30T16:45:00","guid":{"rendered":"https:\/\/linitiative.ca\/International\/la-mesure-de-confinement-partiel-reconduite-pour-15-jours-dans-40-wilayas\/"},"modified":"2021-08-30T12:45:00","modified_gmt":"2021-08-30T16:45:00","slug":"la-mesure-de-confinement-partiel-reconduite-pour-15-jours-dans-40-wilayas","status":"publish","type":"post","link":"https:\/\/linitiative.ca\/International\/la-mesure-de-confinement-partiel-reconduite-pour-15-jours-dans-40-wilayas\/","title":{"rendered":"La mesure de confinement partiel reconduite pour 15 jours dans 40 wilayas"},"content":{"rendered":"<div>La mesure de confinement partiel \u00e0 domicile dans le cadre de la lutte contre le Coronavirus est reconduite de 20h00 au lendemain \u00e0 6h00 du matin dans 40 wilayas du pays pendant une p\u00e9riode de 15 jours \u00e0 partir de lundi, indique un communiqu\u00e9&#8230;<\/div>\n<p>Auteur:<br \/>\n<a href=\"https:\/\/www.liberte-algerie.com\/actualite\/la-mesure-de-confinement-partiel-reconduite-pour-15-jours-dans-40-wilayas-364174\">Cliquez ici pour lire l&rsquo;article depuis sa source.<\/a><\/p>\n","protected":false},"excerpt":{"rendered":"<p>La mesure de confinement partiel \u00e0 domicile dans le cadre de la lutte contre le Coronavirus est reconduite de 20h00 au lendemain \u00e0 6h00 du matin dans 40 wilayas du pays pendant une p\u00e9riode de 15 jours \u00e0 partir de lundi, indique un communiqu\u00e9&#8230; Auteur: Cliquez ici pour lire l&rsquo;article depuis sa source.<\/p>\n","protected":false},"author":1742,"featured_media":0,"comment_status":"closed","ping_status":"closed","sticky":false,"template":"","format":"standard","meta":{"fifu_image_url":"","fifu_image_alt":"","footnotes":""},"categories":[73,53],"tags":[],"class_list":["post-125533","post","type-post","status-publish","format-standard","hentry","category-actualite","category-algerie"],"_links":{"self":[{"href":"https:\/\/linitiative.ca\/International\/wp-json\/wp\/v2\/posts\/125533","targetHints":{"allow":["GET"]}}],"collection":[{"href":"https:\/\/linitiative.ca\/International\/wp-json\/wp\/v2\/posts"}],"about":[{"href":"https:\/\/linitiative.ca\/International\/wp-json\/wp\/v2\/types\/post"}],"author":[{"embeddable":true,"href":"https:\/\/linitiative.ca\/International\/wp-json\/wp\/v2\/users\/1742"}],"replies":[{"embeddable":true,"href":"https:\/\/linitiative.ca\/International\/wp-json\/wp\/v2\/comments?post=125533"}],"version-history":[{"count":0,"href":"https:\/\/linitiative.ca\/International\/wp-json\/wp\/v2\/posts\/125533\/revisions"}],"wp:attachment":[{"href":"https:\/\/linitiative.ca\/International\/wp-json\/wp\/v2\/media?parent=125533"}],"wp:term":[{"taxonomy":"category","embeddable":true,"href":"https:\/\/linitiative.ca\/International\/wp-json\/wp\/v2\/categories?post=125533"},{"taxonomy":"post_tag","embeddable":true,"href":"https:\/\/linitiative.ca\/International\/wp-json\/wp\/v2\/tags?post=125533"}],"curies":[{"name":"wp","href":"https:\/\/api.w.org\/{rel}","templated":true}]}}