{"id":125538,"date":"2021-08-30T04:33:56","date_gmt":"2021-08-30T08:33:56","guid":{"rendered":"https:\/\/linitiative.ca\/International\/education-un-hackathon-autour-de-la-conception-didees-de-projet\/"},"modified":"2021-08-30T04:33:56","modified_gmt":"2021-08-30T08:33:56","slug":"education-un-hackathon-autour-de-la-conception-didees-de-projet","status":"publish","type":"post","link":"https:\/\/linitiative.ca\/International\/education-un-hackathon-autour-de-la-conception-didees-de-projet\/","title":{"rendered":"Education: Un hackathon autour de la conception d\u2019id\u00e9es de projet"},"content":{"rendered":"<div>\n<div style=\"margin-bottom:20px;\"><img loading=\"lazy\" decoding=\"async\" width=\"750\" height=\"430\" src=\"https:\/\/linitiative.ca\/International\/wp-content\/uploads\/sites\/23\/2021\/08\/indh-2-1.jpg\" class=\"attachment-post-thumbnail size-post-thumbnail wp-post-image\" alt=\"\" srcset=\"https:\/\/linitiative.ca\/International\/wp-content\/uploads\/sites\/23\/2021\/08\/indh-2-1.jpg 750w, http:\/\/www.mapmarrakech.ma\/map\/uploads\/2021\/08\/indh-2-300x172.jpg 300w\" sizes=\"auto, (max-width: 750px) 100vw, 750px\"><\/div>\n<p>Organis\u00e9e dans le cadre du programme III \u00ab\u00a0Am\u00e9lioration du revenu et inclusion \u00e9conomique des jeunes\u00a0\u00bb, de l\u2019Initiative Nationale pour le D\u00e9veloppement Humain (INDH) au niveau de la r\u00e9gion Marrakech-Safi, cette initiative socio\u00e9conomique se propose de s\u00e9lectionner 05 id\u00e9es de projets parmi 30 id\u00e9es port\u00e9es par des jeunes qui avaient b\u00e9n\u00e9fici\u00e9 auparavant de formation hybride.<\/p>\n<p>Dans une d\u00e9claration \u00e0 la MAP, M. Youssef Chaqroun, Manager r\u00e9gional d\u2019Enactus \u00e0 Marrakech-Safi, a indiqu\u00e9 que cette ONG s\u2019est largement concert\u00e9e avec les diff\u00e9rents intervenants, dont l\u2019Agence Nationale de Promotion de l\u2019Emploi et des Comp\u00e9tences (ANAPEC) et l\u2019Acad\u00e9mie R\u00e9gionale d\u2019Education et de Formation (AREF) de Marrakech-Safi\u00a0et les \u00e9tablissements d\u2019enseignement publics et priv\u00e9s pour prendre connaissance des diff\u00e9rentes probl\u00e9matiques de l\u2019\u00e9ducation, en relation avec l\u2019int\u00e9gration de la digitalisation, qui seront soumises aux jeunes participant \u00e0 ce hackathon, afin de leur trouver des solutions entrepreneuriales.<\/p>\n<p>Dans ce cadre, M. Chaqroun a relev\u00e9 que les 05 participants s\u00e9lectionn\u00e9s au terme de cette comp\u00e9tition vont b\u00e9n\u00e9ficier de formation et d\u2019accompagnement financier dans la fourchette de 100.000 DH \u00e0 200.000 DH pour la cr\u00e9ation de leurs projets.<\/p>\n<p>Au programme de ce hackathon figuraient aussi des formations encadr\u00e9s par des coachs locaux et internationaux ainsi qu\u2019une s\u00e9rie de t\u00e9moignage de jeunes qui \u00e9voquent leur success-story.<\/p>\n<p>Le programme III \u00ab\u00a0Am\u00e9lioration du revenu et inclusion \u00e9conomique des jeunes\u00a0\u00bb de l\u2019INDH a pour objectif de promouvoir et de d\u00e9velopper l\u2019entrepreneuriat chez les jeunes \u00e2g\u00e9s entre 18 et 35 ans, \u00e0 travers la mise en place d\u2019un m\u00e9canisme d\u2019appui technique et financier adapt\u00e9, aux diff\u00e9rentes phases de pr\u00e9 et post-cr\u00e9ation permettant ainsi de booster la cr\u00e9ation d\u2019entreprise chez les jeunes et am\u00e9liorer le taux de survie des entreprises cr\u00e9\u00e9es.<\/p>\n<p>Cr\u00e9\u00e9e en 1975, et bas\u00e9e au Missouri aux Etats-Unis d\u2019Am\u00e9rique, Enactus d\u00e9veloppe des partenariats entre le monde des affaires et celui de l\u2018enseignement sup\u00e9rieur afin de pr\u00e9parer les \u00e9tudiants \u00e0 contribuer substantiellement au d\u00e9veloppement de leur pays en tant que futurs leaders entrepreneurs, \u00e9thiques et socialement responsables.<\/p>\n<p>Cr\u00e9\u00e9e en 2003, Enactus Morocco a accompagn\u00e9 plus de 20.000 \u00e9tudiants \u00e0 s\u2019autod\u00e9velopper tout en mettant en place annuellement, une moyenne de 200 projets de d\u00e9veloppement durable.<\/p>\n<p>The post <a rel=\"nofollow\" href=\"http:\/\/www.mapmarrakech.ma\/fr\/education-un-hackathon-autour-de-la-conception-didees-de-projet\/\">Education: Un hackathon autour de la conception d\u2019id\u00e9es de projet<\/a> appeared first on <a rel=\"nofollow\" href=\"http:\/\/www.mapmarrakech.ma\/fr\">MapMarrakech<\/a>.<\/p>\n<\/div>\n<p>Auteur: Mohammed KOURSI<br \/>\n<a href=\"http:\/\/www.mapmarrakech.ma\/fr\/education-un-hackathon-autour-de-la-conception-didees-de-projet\/\">Cliquez ici pour lire l&rsquo;article depuis sa source.<\/a><\/p>\n","protected":false},"excerpt":{"rendered":"<p>Organis\u00e9e dans le cadre du programme III \u00ab\u00a0Am\u00e9lioration du revenu et inclusion \u00e9conomique des jeunes\u00a0\u00bb, de l\u2019Initiative Nationale pour le D\u00e9veloppement Humain (INDH) au niveau de la r\u00e9gion Marrakech-Safi, cette initiative socio\u00e9conomique se propose de s\u00e9lectionner 05 id\u00e9es de projets parmi 30 id\u00e9es port\u00e9es par des jeunes qui avaient b\u00e9n\u00e9fici\u00e9 auparavant de formation hybride. Dans [&hellip;]<\/p>\n","protected":false},"author":1788,"featured_media":0,"comment_status":"closed","ping_status":"closed","sticky":false,"template":"","format":"standard","meta":{"fifu_image_url":"http:\/\/www.mapmarrakech.ma\/map\/uploads\/2021\/08\/indh-2.jpg","fifu_image_alt":"Education: Un hackathon autour de la conception d\u2019id\u00e9es de projet","footnotes":""},"categories":[54,76],"tags":[],"class_list":["post-125538","post","type-post","status-publish","format-standard","hentry","category-maroc","category-regions"],"_links":{"self":[{"href":"https:\/\/linitiative.ca\/International\/wp-json\/wp\/v2\/posts\/125538","targetHints":{"allow":["GET"]}}],"collection":[{"href":"https:\/\/linitiative.ca\/International\/wp-json\/wp\/v2\/posts"}],"about":[{"href":"https:\/\/linitiative.ca\/International\/wp-json\/wp\/v2\/types\/post"}],"author":[{"embeddable":true,"href":"https:\/\/linitiative.ca\/International\/wp-json\/wp\/v2\/users\/1788"}],"replies":[{"embeddable":true,"href":"https:\/\/linitiative.ca\/International\/wp-json\/wp\/v2\/comments?post=125538"}],"version-history":[{"count":0,"href":"https:\/\/linitiative.ca\/International\/wp-json\/wp\/v2\/posts\/125538\/revisions"}],"wp:attachment":[{"href":"https:\/\/linitiative.ca\/International\/wp-json\/wp\/v2\/media?parent=125538"}],"wp:term":[{"taxonomy":"category","embeddable":true,"href":"https:\/\/linitiative.ca\/International\/wp-json\/wp\/v2\/categories?post=125538"},{"taxonomy":"post_tag","embeddable":true,"href":"https:\/\/linitiative.ca\/International\/wp-json\/wp\/v2\/tags?post=125538"}],"curies":[{"name":"wp","href":"https:\/\/api.w.org\/{rel}","templated":true}]}}