{"id":125540,"date":"2021-08-30T13:20:48","date_gmt":"2021-08-30T17:20:48","guid":{"rendered":"https:\/\/linitiative.ca\/International\/cinq-centres-pour-la-vaccination-anti-covid-des-eleves\/"},"modified":"2021-08-30T13:20:48","modified_gmt":"2021-08-30T17:20:48","slug":"cinq-centres-pour-la-vaccination-anti-covid-des-eleves","status":"publish","type":"post","link":"https:\/\/linitiative.ca\/International\/cinq-centres-pour-la-vaccination-anti-covid-des-eleves\/","title":{"rendered":"Cinq centres pour la vaccination anti-Covid des \u00e9l\u00e8ves"},"content":{"rendered":"<div>\n<div style=\"margin-bottom:20px;\"><img loading=\"lazy\" decoding=\"async\" width=\"750\" height=\"430\" src=\"https:\/\/linitiative.ca\/International\/wp-content\/uploads\/sites\/23\/2021\/08\/direction-provinciale-essaouira-copier-2.jpg\" class=\"attachment-post-thumbnail size-post-thumbnail wp-post-image\" alt=\"\" srcset=\"https:\/\/linitiative.ca\/International\/wp-content\/uploads\/sites\/23\/2021\/08\/direction-provinciale-essaouira-copier-2.jpg 750w, http:\/\/www.mapmarrakech.ma\/map\/uploads\/2021\/08\/direction-provinciale-essaouira-copier-2-300x172.jpg 300w\" sizes=\"auto, (max-width: 750px) 100vw, 750px\"><\/div>\n<p>Ces centres ont \u00e9t\u00e9 implant\u00e9s dans le lyc\u00e9e qualifiant Mohammed V \u00e0 Essaouira, le lyc\u00e9e qualifiant Araar \u00e0 Ait Daoud, le lyc\u00e9e qualifiant \u00e0 Talmest, le lyc\u00e9e-coll\u00e9gial \u00e0 Tamanar et le lyc\u00e9e qualifiant Prince Moulay Rachid \u00e0 El Hanchane.<\/p>\n<p>Quelque 35.051 \u00e9l\u00e8ves dans les diff\u00e9rents \u00e9tablissements scolaires \u00e0 l\u2019\u00e9chelle de la province devraient b\u00e9n\u00e9ficier de cette vaste op\u00e9ration de vaccination, font ressortir les chiffres de la direction provinciale de l\u2019\u00e9ducation nationale \u00e0 Essaouira.<\/p>\n<p>Selon la m\u00eame source, 15.899 enfants scolaris\u00e9s (12-17 ans) devraient se rendre au centre am\u00e9nag\u00e9 \u00e0 Essaouira pour b\u00e9n\u00e9ficier de la premi\u00e8re dose, 7.606 \u00e0 celui d\u2019El Hanchane, 7.440 \u00e0 Tamanar, 2.746 \u00e0 Ait Daoud et 1.360 \u00e0 Talmest.<\/p>\n<p>Dans une d\u00e9claration \u00e0 la MAP \u00e0 cette occasion, le directeur provincial de l\u2019\u00e9ducation nationale \u00e0 Essaouira, Noureddine El Aoufi Laghzaoui, a indiqu\u00e9 qu\u2019un comit\u00e9 provincial de pilotage a \u00e9t\u00e9 mis en place pour la mise en \u0153uvre op\u00e9rationnelle des mesures proc\u00e9durales et organisationnelles de cette op\u00e9ration, en coordination avec les autorit\u00e9s territoriales et les services du minist\u00e8re de la Sant\u00e9.<\/p>\n<p>Ainsi, les dispositifs et les moyens n\u00e9cessaires sur les plans organisationnel et logistique ont \u00e9t\u00e9 mobilis\u00e9s pour garantir le bon d\u00e9roulement de cette op\u00e9ration et l\u2019accueil dans les meilleures conditions des enfants scolaris\u00e9s, de leurs parents ou tuteurs, a-t-il soulign\u00e9.<\/p>\n<p>A noter que l\u2019Acad\u00e9mie R\u00e9gionale de l\u2019Education et de la Formation (AREF) de\u00a0Marrakech-Safi a mis en place un plan r\u00e9gional de vaccination anti-Covid-19 qui pr\u00e9voit la cr\u00e9ation d\u2019un comit\u00e9 r\u00e9gional de pilotage, dirig\u00e9 par le directeur de l\u2019AREF et des comit\u00e9s provinciaux de pilotage, dirig\u00e9s par les directeurs provinciaux, qui seront charg\u00e9s de la mise en \u0153uvre des mesures proc\u00e9durales et organisationnelles de la campagne de vaccination.<\/p>\n<p>Ce plan s\u2019inscrit dans le cadre de l\u2019ex\u00e9cution des Hautes Instructions Royales, consid\u00e9rant la souverainet\u00e9 sanitaire en tant que composante essentielle de la s\u00e9curit\u00e9 strat\u00e9gique du Royaume, et de la mise en \u0153uvre de la strat\u00e9gie nationale adopt\u00e9e par le minist\u00e8re de la Sant\u00e9 visant \u00e0 acc\u00e9l\u00e9rer le rythme du processus national de vaccination contre la Covid-19 pour atteindre l\u2019immunit\u00e9 collective.<\/p>\n<p>Il s\u2019ins\u00e8re \u00e9galement dans le cadre des orientations du minist\u00e8re de l\u2019\u00c9ducation nationale, de la formation professionnelle, de l\u2019enseignement sup\u00e9rieur et de la recherche scientifique en vue de garantir une rentr\u00e9e scolaire 2021-2022 s\u00fbre et normale.<\/p>\n<p>The post <a rel=\"nofollow\" href=\"http:\/\/www.mapmarrakech.ma\/fr\/cinq-centres-pour-la-vaccination-anti-covid-des-eleves\/\">Cinq centres pour la vaccination anti-Covid des \u00e9l\u00e8ves<\/a> appeared first on <a rel=\"nofollow\" href=\"http:\/\/www.mapmarrakech.ma\/fr\">MapMarrakech<\/a>.<\/p>\n<\/div>\n<p>Auteur: Mohammed KOURSI<br \/>\n<a href=\"http:\/\/www.mapmarrakech.ma\/fr\/cinq-centres-pour-la-vaccination-anti-covid-des-eleves\/\">Cliquez ici pour lire l&rsquo;article depuis sa source.<\/a><\/p>\n","protected":false},"excerpt":{"rendered":"<p>Ces centres ont \u00e9t\u00e9 implant\u00e9s dans le lyc\u00e9e qualifiant Mohammed V \u00e0 Essaouira, le lyc\u00e9e qualifiant Araar \u00e0 Ait Daoud, le lyc\u00e9e qualifiant \u00e0 Talmest, le lyc\u00e9e-coll\u00e9gial \u00e0 Tamanar et le lyc\u00e9e qualifiant Prince Moulay Rachid \u00e0 El Hanchane. Quelque 35.051 \u00e9l\u00e8ves dans les diff\u00e9rents \u00e9tablissements scolaires \u00e0 l\u2019\u00e9chelle de la province devraient b\u00e9n\u00e9ficier de [&hellip;]<\/p>\n","protected":false},"author":1788,"featured_media":0,"comment_status":"closed","ping_status":"closed","sticky":false,"template":"","format":"standard","meta":{"fifu_image_url":"http:\/\/www.mapmarrakech.ma\/map\/uploads\/2021\/08\/direction-provinciale-essaouira-copier-2.jpg","fifu_image_alt":"Cinq centres pour la vaccination anti-Covid des \u00e9l\u00e8ves","footnotes":""},"categories":[54,76],"tags":[],"class_list":["post-125540","post","type-post","status-publish","format-standard","hentry","category-maroc","category-regions"],"_links":{"self":[{"href":"https:\/\/linitiative.ca\/International\/wp-json\/wp\/v2\/posts\/125540","targetHints":{"allow":["GET"]}}],"collection":[{"href":"https:\/\/linitiative.ca\/International\/wp-json\/wp\/v2\/posts"}],"about":[{"href":"https:\/\/linitiative.ca\/International\/wp-json\/wp\/v2\/types\/post"}],"author":[{"embeddable":true,"href":"https:\/\/linitiative.ca\/International\/wp-json\/wp\/v2\/users\/1788"}],"replies":[{"embeddable":true,"href":"https:\/\/linitiative.ca\/International\/wp-json\/wp\/v2\/comments?post=125540"}],"version-history":[{"count":0,"href":"https:\/\/linitiative.ca\/International\/wp-json\/wp\/v2\/posts\/125540\/revisions"}],"wp:attachment":[{"href":"https:\/\/linitiative.ca\/International\/wp-json\/wp\/v2\/media?parent=125540"}],"wp:term":[{"taxonomy":"category","embeddable":true,"href":"https:\/\/linitiative.ca\/International\/wp-json\/wp\/v2\/categories?post=125540"},{"taxonomy":"post_tag","embeddable":true,"href":"https:\/\/linitiative.ca\/International\/wp-json\/wp\/v2\/tags?post=125540"}],"curies":[{"name":"wp","href":"https:\/\/api.w.org\/{rel}","templated":true}]}}