{"id":125550,"date":"2021-08-30T10:09:45","date_gmt":"2021-08-30T14:09:45","guid":{"rendered":"https:\/\/linitiative.ca\/International\/auto-nejma-ameliore-son-chiffre-daffaires\/"},"modified":"2021-08-30T10:09:45","modified_gmt":"2021-08-30T14:09:45","slug":"auto-nejma-ameliore-son-chiffre-daffaires","status":"publish","type":"post","link":"https:\/\/linitiative.ca\/International\/auto-nejma-ameliore-son-chiffre-daffaires\/","title":{"rendered":"Auto Nejma am\u00e9liore son chiffre d&rsquo;affaires"},"content":{"rendered":"<div>\n<div class=\"field field-name-body field-type-text-with-summary field-label-hidden\">\n<div class=\"field-items\">\n<div class=\"field-item even\" property=\"content:encoded\">\n<p class=\"rtejustify\">Auto Nejma a r\u00e9alis\u00e9, au titre du premier semestre 2021, un chiffre d&rsquo;affaires (CA) de 1,1 milliard de DH,\u00a0contre 841 millions de DH\u00a0une ann\u00e9e auparavant.<\/p>\n<p class=\"rtejustify\">Sur le seul deuxi\u00e8me trimestre, le chiffre d&rsquo;affaires de la soci\u00e9t\u00e9 s&rsquo;est \u00e9tabli \u00e0 566 millions de DH, en progression de 49% par rapport au T2-2020, indique Auto Nejma dans un communiqu\u00e9 financier, ajoutant que le volume des v\u00e9hicules neufs vendus a connu une hausse de 84% par rapport au T2-2020, passant \u00e0 954 unit\u00e9s.<\/p>\n<\/div>\n<\/div>\n<\/div>\n<\/div>\n<p>Auteur: hgueye<br \/>\n<a href=\"https:\/\/www.leconomiste.com\/flash-infos\/auto-nejma-ameliore-son-chiffre-d-affaires\">Cliquez ici pour lire l&rsquo;article depuis sa source.<\/a><\/p>\n","protected":false},"excerpt":{"rendered":"<p>Auto Nejma a r\u00e9alis\u00e9, au titre du premier semestre 2021, un chiffre d&rsquo;affaires (CA) de 1,1 milliard de DH,\u00a0contre 841 millions de DH\u00a0une ann\u00e9e auparavant. Sur le seul deuxi\u00e8me trimestre, le chiffre d&rsquo;affaires de la soci\u00e9t\u00e9 s&rsquo;est \u00e9tabli \u00e0 566 millions de DH, en progression de 49% par rapport au T2-2020, indique Auto Nejma dans [&hellip;]<\/p>\n","protected":false},"author":1763,"featured_media":0,"comment_status":"closed","ping_status":"closed","sticky":false,"template":"","format":"standard","meta":{"fifu_image_url":"","fifu_image_alt":"","footnotes":""},"categories":[78,54],"tags":[],"class_list":["post-125550","post","type-post","status-publish","format-standard","hentry","category-economie","category-maroc"],"_links":{"self":[{"href":"https:\/\/linitiative.ca\/International\/wp-json\/wp\/v2\/posts\/125550","targetHints":{"allow":["GET"]}}],"collection":[{"href":"https:\/\/linitiative.ca\/International\/wp-json\/wp\/v2\/posts"}],"about":[{"href":"https:\/\/linitiative.ca\/International\/wp-json\/wp\/v2\/types\/post"}],"author":[{"embeddable":true,"href":"https:\/\/linitiative.ca\/International\/wp-json\/wp\/v2\/users\/1763"}],"replies":[{"embeddable":true,"href":"https:\/\/linitiative.ca\/International\/wp-json\/wp\/v2\/comments?post=125550"}],"version-history":[{"count":0,"href":"https:\/\/linitiative.ca\/International\/wp-json\/wp\/v2\/posts\/125550\/revisions"}],"wp:attachment":[{"href":"https:\/\/linitiative.ca\/International\/wp-json\/wp\/v2\/media?parent=125550"}],"wp:term":[{"taxonomy":"category","embeddable":true,"href":"https:\/\/linitiative.ca\/International\/wp-json\/wp\/v2\/categories?post=125550"},{"taxonomy":"post_tag","embeddable":true,"href":"https:\/\/linitiative.ca\/International\/wp-json\/wp\/v2\/tags?post=125550"}],"curies":[{"name":"wp","href":"https:\/\/api.w.org\/{rel}","templated":true}]}}