{"id":125551,"date":"2021-08-30T10:52:39","date_gmt":"2021-08-30T14:52:39","guid":{"rendered":"https:\/\/linitiative.ca\/International\/tomates-le-maroc-renforce-ses-parts-de-marche-dans-lue\/"},"modified":"2021-08-30T10:52:39","modified_gmt":"2021-08-30T14:52:39","slug":"tomates-le-maroc-renforce-ses-parts-de-marche-dans-lue","status":"publish","type":"post","link":"https:\/\/linitiative.ca\/International\/tomates-le-maroc-renforce-ses-parts-de-marche-dans-lue\/","title":{"rendered":"Tomates: Le Maroc renforce ses parts de march\u00e9 dans l\u2019UE"},"content":{"rendered":"<div>\n<div class=\"field field-name-body field-type-text-with-summary field-label-hidden\">\n<div class=\"field-items\">\n<div class=\"field-item even\" property=\"content:encoded\">\n<p class=\"rtejustify\">La tomate marocaine a la cote dans les march\u00e9s de l\u2019Union europ\u00e9enne (UE). Le Maroc a en effet r\u00e9cup\u00e9r\u00e9 des parts de march\u00e9 \u00e0 l\u2019Espagne et aux Pays-Bas ces derni\u00e8res ann\u00e9es selon les donn\u00e9es de Hortoinfo. Les exportations du Royaume ont augment\u00e9 au cours des six premiers mois des cinq derni\u00e8res ann\u00e9es. Le volume de tomates marocaines vendues dans l&rsquo;UE au premier semestre 2021 a ainsi augment\u00e9 de 15,85% par rapport aux ventes r\u00e9alis\u00e9es cinq ans plus t\u00f4t.<\/p>\n<\/div>\n<\/div>\n<\/div>\n<\/div>\n<p>Auteur: hgueye<br \/>\n<a href=\"https:\/\/www.leconomiste.com\/flash-infos\/tomates-le-maroc-renforce-ses-parts-de-marche-dans-l-ue\">Cliquez ici pour lire l&rsquo;article depuis sa source.<\/a><\/p>\n","protected":false},"excerpt":{"rendered":"<p>La tomate marocaine a la cote dans les march\u00e9s de l\u2019Union europ\u00e9enne (UE). Le Maroc a en effet r\u00e9cup\u00e9r\u00e9 des parts de march\u00e9 \u00e0 l\u2019Espagne et aux Pays-Bas ces derni\u00e8res ann\u00e9es selon les donn\u00e9es de Hortoinfo. Les exportations du Royaume ont augment\u00e9 au cours des six premiers mois des cinq derni\u00e8res ann\u00e9es. Le volume de [&hellip;]<\/p>\n","protected":false},"author":1763,"featured_media":0,"comment_status":"closed","ping_status":"closed","sticky":false,"template":"","format":"standard","meta":{"fifu_image_url":"","fifu_image_alt":"","footnotes":""},"categories":[78,54],"tags":[],"class_list":["post-125551","post","type-post","status-publish","format-standard","hentry","category-economie","category-maroc"],"_links":{"self":[{"href":"https:\/\/linitiative.ca\/International\/wp-json\/wp\/v2\/posts\/125551","targetHints":{"allow":["GET"]}}],"collection":[{"href":"https:\/\/linitiative.ca\/International\/wp-json\/wp\/v2\/posts"}],"about":[{"href":"https:\/\/linitiative.ca\/International\/wp-json\/wp\/v2\/types\/post"}],"author":[{"embeddable":true,"href":"https:\/\/linitiative.ca\/International\/wp-json\/wp\/v2\/users\/1763"}],"replies":[{"embeddable":true,"href":"https:\/\/linitiative.ca\/International\/wp-json\/wp\/v2\/comments?post=125551"}],"version-history":[{"count":0,"href":"https:\/\/linitiative.ca\/International\/wp-json\/wp\/v2\/posts\/125551\/revisions"}],"wp:attachment":[{"href":"https:\/\/linitiative.ca\/International\/wp-json\/wp\/v2\/media?parent=125551"}],"wp:term":[{"taxonomy":"category","embeddable":true,"href":"https:\/\/linitiative.ca\/International\/wp-json\/wp\/v2\/categories?post=125551"},{"taxonomy":"post_tag","embeddable":true,"href":"https:\/\/linitiative.ca\/International\/wp-json\/wp\/v2\/tags?post=125551"}],"curies":[{"name":"wp","href":"https:\/\/api.w.org\/{rel}","templated":true}]}}