{"id":125552,"date":"2021-08-30T11:19:28","date_gmt":"2021-08-30T15:19:28","guid":{"rendered":"https:\/\/linitiative.ca\/International\/les-centres-de-vaccination-des-12-17-ans-prets-a-recevoir-les-eleves\/"},"modified":"2021-08-30T11:19:28","modified_gmt":"2021-08-30T15:19:28","slug":"les-centres-de-vaccination-des-12-17-ans-prets-a-recevoir-les-eleves","status":"publish","type":"post","link":"https:\/\/linitiative.ca\/International\/les-centres-de-vaccination-des-12-17-ans-prets-a-recevoir-les-eleves\/","title":{"rendered":"Les centres de vaccination des 12-17 ans pr\u00eats \u00e0 recevoir les \u00e9l\u00e8ves"},"content":{"rendered":"<div>\n<div class=\"field field-name-body field-type-text-with-summary field-label-hidden\">\n<div class=\"field-items\">\n<div class=\"field-item even\" property=\"content:encoded\">\n<p class=\"rtejustify\">Le directeur de la coop\u00e9ration et de la promotion de l&rsquo;enseignement priv\u00e9 charg\u00e9 de la vie estudiantine, Aziz Nahya, a indiqu\u00e9 que tous les pr\u00e9paratifs de la campagne de vaccination de la tranche d&rsquo;\u00e2ge 12-17 ans sont achev\u00e9s, et que les centres d\u00e9sign\u00e9s pour cette op\u00e9ration sont pr\u00eats \u00e0 les recevoir.<\/p>\n<\/div>\n<\/div>\n<\/div>\n<\/div>\n<p>Auteur: hgueye<br \/>\n<a href=\"https:\/\/www.leconomiste.com\/flash-infos\/les-centres-de-vaccination-des-12-17-ans-prets-recevoir-les-eleves\">Cliquez ici pour lire l&rsquo;article depuis sa source.<\/a><\/p>\n","protected":false},"excerpt":{"rendered":"<p>Le directeur de la coop\u00e9ration et de la promotion de l&rsquo;enseignement priv\u00e9 charg\u00e9 de la vie estudiantine, Aziz Nahya, a indiqu\u00e9 que tous les pr\u00e9paratifs de la campagne de vaccination de la tranche d&rsquo;\u00e2ge 12-17 ans sont achev\u00e9s, et que les centres d\u00e9sign\u00e9s pour cette op\u00e9ration sont pr\u00eats \u00e0 les recevoir. Auteur: hgueye Cliquez ici [&hellip;]<\/p>\n","protected":false},"author":1763,"featured_media":0,"comment_status":"closed","ping_status":"closed","sticky":false,"template":"","format":"standard","meta":{"fifu_image_url":"","fifu_image_alt":"","footnotes":""},"categories":[78,54],"tags":[],"class_list":["post-125552","post","type-post","status-publish","format-standard","hentry","category-economie","category-maroc"],"_links":{"self":[{"href":"https:\/\/linitiative.ca\/International\/wp-json\/wp\/v2\/posts\/125552","targetHints":{"allow":["GET"]}}],"collection":[{"href":"https:\/\/linitiative.ca\/International\/wp-json\/wp\/v2\/posts"}],"about":[{"href":"https:\/\/linitiative.ca\/International\/wp-json\/wp\/v2\/types\/post"}],"author":[{"embeddable":true,"href":"https:\/\/linitiative.ca\/International\/wp-json\/wp\/v2\/users\/1763"}],"replies":[{"embeddable":true,"href":"https:\/\/linitiative.ca\/International\/wp-json\/wp\/v2\/comments?post=125552"}],"version-history":[{"count":0,"href":"https:\/\/linitiative.ca\/International\/wp-json\/wp\/v2\/posts\/125552\/revisions"}],"wp:attachment":[{"href":"https:\/\/linitiative.ca\/International\/wp-json\/wp\/v2\/media?parent=125552"}],"wp:term":[{"taxonomy":"category","embeddable":true,"href":"https:\/\/linitiative.ca\/International\/wp-json\/wp\/v2\/categories?post=125552"},{"taxonomy":"post_tag","embeddable":true,"href":"https:\/\/linitiative.ca\/International\/wp-json\/wp\/v2\/tags?post=125552"}],"curies":[{"name":"wp","href":"https:\/\/api.w.org\/{rel}","templated":true}]}}