{"id":125555,"date":"2021-08-29T15:02:00","date_gmt":"2021-08-29T19:02:00","guid":{"rendered":"https:\/\/linitiative.ca\/International\/nice-galtier-andy-est-associable-avec-amine-et-kasper\/"},"modified":"2021-08-29T15:02:00","modified_gmt":"2021-08-29T19:02:00","slug":"nice-galtier-andy-est-associable-avec-amine-et-kasper","status":"publish","type":"post","link":"https:\/\/linitiative.ca\/International\/nice-galtier-andy-est-associable-avec-amine-et-kasper\/","title":{"rendered":"Nice &#8211; Galtier : \u00ab\u00a0Andy est associable avec Amine et Kasper\u00a0\u00bb"},"content":{"rendered":"<div>L&rsquo;international alg\u00e9rien rejoint une attaque ni\u00e7oise d\u00e9j\u00e0 bien fournie avec Amine Gouiri et Kasper Dolberg<img loading=\"lazy\" decoding=\"async\" src=\"http:\/\/feeds.feedburner.com\/~r\/GalerieFArtciles\/~4\/-SG-5Bh9BE4\" height=\"1\" width=\"1\" alt=\"\"><\/div>\n<p>Auteur:<br \/>\n<a href=\"http:\/\/www.lebuteur.com\/article\/detail?titre=nice-galtier-andy-est-associable-avec-amine-et-kasper&#038;id=100978&#038;utm_source=feedburner&#038;utm_medium=feed&#038;utm_campaign=Feed%3A+GalerieFArtciles+%28Les+derniers+articles++-+lebuteur.com%29\">Cliquez ici pour lire l&rsquo;article depuis sa source.<\/a><\/p>\n","protected":false},"excerpt":{"rendered":"<p>L&rsquo;international alg\u00e9rien rejoint une attaque ni\u00e7oise d\u00e9j\u00e0 bien fournie avec Amine Gouiri et Kasper Dolberg Auteur: Cliquez ici pour lire l&rsquo;article depuis sa source.<\/p>\n","protected":false},"author":1738,"featured_media":0,"comment_status":"closed","ping_status":"closed","sticky":false,"template":"","format":"standard","meta":{"fifu_image_url":"http:\/\/feeds.feedburner.com\/~r\/GalerieFArtciles\/~4\/-SG-5Bh9BE4","fifu_image_alt":"<div>Nice - Galtier : \"Andy est associable avec Amine et Kasper\"<\/div>","footnotes":""},"categories":[53,75],"tags":[],"class_list":["post-125555","post","type-post","status-publish","format-standard","hentry","category-algerie","category-sport"],"_links":{"self":[{"href":"https:\/\/linitiative.ca\/International\/wp-json\/wp\/v2\/posts\/125555","targetHints":{"allow":["GET"]}}],"collection":[{"href":"https:\/\/linitiative.ca\/International\/wp-json\/wp\/v2\/posts"}],"about":[{"href":"https:\/\/linitiative.ca\/International\/wp-json\/wp\/v2\/types\/post"}],"author":[{"embeddable":true,"href":"https:\/\/linitiative.ca\/International\/wp-json\/wp\/v2\/users\/1738"}],"replies":[{"embeddable":true,"href":"https:\/\/linitiative.ca\/International\/wp-json\/wp\/v2\/comments?post=125555"}],"version-history":[{"count":0,"href":"https:\/\/linitiative.ca\/International\/wp-json\/wp\/v2\/posts\/125555\/revisions"}],"wp:attachment":[{"href":"https:\/\/linitiative.ca\/International\/wp-json\/wp\/v2\/media?parent=125555"}],"wp:term":[{"taxonomy":"category","embeddable":true,"href":"https:\/\/linitiative.ca\/International\/wp-json\/wp\/v2\/categories?post=125555"},{"taxonomy":"post_tag","embeddable":true,"href":"https:\/\/linitiative.ca\/International\/wp-json\/wp\/v2\/tags?post=125555"}],"curies":[{"name":"wp","href":"https:\/\/api.w.org\/{rel}","templated":true}]}}