{"id":125556,"date":"2021-08-30T03:22:00","date_gmt":"2021-08-30T07:22:00","guid":{"rendered":"https:\/\/linitiative.ca\/International\/villarreal-la-tuile-pour-aissa-mandi-face-a-latletico-video\/"},"modified":"2021-08-30T03:22:00","modified_gmt":"2021-08-30T07:22:00","slug":"villarreal-la-tuile-pour-aissa-mandi-face-a-latletico-video","status":"publish","type":"post","link":"https:\/\/linitiative.ca\/International\/villarreal-la-tuile-pour-aissa-mandi-face-a-latletico-video\/","title":{"rendered":"Villarreal : La tuile pour A\u00efssa Mandi face \u00e0 l&rsquo;Atl\u00e9tico (Vid\u00e9o)"},"content":{"rendered":"<div>Au bout d&rsquo;un match nettement domin\u00e9 par l&rsquo;Atl\u00e9tico de Madrid ce dimanche, Villarreal est pass\u00e9 \u00e0 deux doigts de renverser le champion d&rsquo;Espagne en titre<img loading=\"lazy\" decoding=\"async\" src=\"http:\/\/feeds.feedburner.com\/~r\/GalerieFArtciles\/~4\/KP_ehXEF8JU\" height=\"1\" width=\"1\" alt=\"\"><\/div>\n<p>Auteur:<br \/>\n<a href=\"http:\/\/www.lebuteur.com\/article\/detail?titre=villarreal-la-tuile-pour-aissa-mandi-face-a-latletico-video&#038;id=100979&#038;utm_source=feedburner&#038;utm_medium=feed&#038;utm_campaign=Feed%3A+GalerieFArtciles+%28Les+derniers+articles++-+lebuteur.com%29\">Cliquez ici pour lire l&rsquo;article depuis sa source.<\/a><\/p>\n","protected":false},"excerpt":{"rendered":"<p>Au bout d&rsquo;un match nettement domin\u00e9 par l&rsquo;Atl\u00e9tico de Madrid ce dimanche, Villarreal est pass\u00e9 \u00e0 deux doigts de renverser le champion d&rsquo;Espagne en titre Auteur: Cliquez ici pour lire l&rsquo;article depuis sa source.<\/p>\n","protected":false},"author":1738,"featured_media":0,"comment_status":"closed","ping_status":"closed","sticky":false,"template":"","format":"standard","meta":{"fifu_image_url":"http:\/\/feeds.feedburner.com\/~r\/GalerieFArtciles\/~4\/KP_ehXEF8JU","fifu_image_alt":"<div>Villarreal : La tuile pour A\u00efssa Mandi face \u00e0 l'Atl\u00e9tico (Vid\u00e9o)<\/div>","footnotes":""},"categories":[53,75],"tags":[],"class_list":["post-125556","post","type-post","status-publish","format-standard","hentry","category-algerie","category-sport"],"_links":{"self":[{"href":"https:\/\/linitiative.ca\/International\/wp-json\/wp\/v2\/posts\/125556","targetHints":{"allow":["GET"]}}],"collection":[{"href":"https:\/\/linitiative.ca\/International\/wp-json\/wp\/v2\/posts"}],"about":[{"href":"https:\/\/linitiative.ca\/International\/wp-json\/wp\/v2\/types\/post"}],"author":[{"embeddable":true,"href":"https:\/\/linitiative.ca\/International\/wp-json\/wp\/v2\/users\/1738"}],"replies":[{"embeddable":true,"href":"https:\/\/linitiative.ca\/International\/wp-json\/wp\/v2\/comments?post=125556"}],"version-history":[{"count":0,"href":"https:\/\/linitiative.ca\/International\/wp-json\/wp\/v2\/posts\/125556\/revisions"}],"wp:attachment":[{"href":"https:\/\/linitiative.ca\/International\/wp-json\/wp\/v2\/media?parent=125556"}],"wp:term":[{"taxonomy":"category","embeddable":true,"href":"https:\/\/linitiative.ca\/International\/wp-json\/wp\/v2\/categories?post=125556"},{"taxonomy":"post_tag","embeddable":true,"href":"https:\/\/linitiative.ca\/International\/wp-json\/wp\/v2\/tags?post=125556"}],"curies":[{"name":"wp","href":"https:\/\/api.w.org\/{rel}","templated":true}]}}