{"id":125557,"date":"2021-08-30T07:26:00","date_gmt":"2021-08-30T11:26:00","guid":{"rendered":"https:\/\/linitiative.ca\/International\/barca-deux-departs-attendus-avant-la-fin-du-mercato\/"},"modified":"2021-08-30T07:26:00","modified_gmt":"2021-08-30T11:26:00","slug":"barca-deux-departs-attendus-avant-la-fin-du-mercato","status":"publish","type":"post","link":"https:\/\/linitiative.ca\/International\/barca-deux-departs-attendus-avant-la-fin-du-mercato\/","title":{"rendered":"Bar\u00e7a : Deux d\u00e9parts attendus avant la fin du mercato"},"content":{"rendered":"<div>Le Bar\u00e7a aura attendu longtemps, mais va finalement pouvoir d\u00e9graisser dans cette fin de Mercato<img loading=\"lazy\" decoding=\"async\" src=\"http:\/\/feeds.feedburner.com\/~r\/GalerieFArtciles\/~4\/1FmjiSulFhY\" height=\"1\" width=\"1\" alt=\"\"><\/div>\n<p>Auteur:<br \/>\n<a href=\"http:\/\/www.lebuteur.com\/article\/detail?titre=barca-deux-departs-attendus-avant-la-fin-du-mercato&#038;id=100980&#038;utm_source=feedburner&#038;utm_medium=feed&#038;utm_campaign=Feed%3A+GalerieFArtciles+%28Les+derniers+articles++-+lebuteur.com%29\">Cliquez ici pour lire l&rsquo;article depuis sa source.<\/a><\/p>\n","protected":false},"excerpt":{"rendered":"<p>Le Bar\u00e7a aura attendu longtemps, mais va finalement pouvoir d\u00e9graisser dans cette fin de Mercato Auteur: Cliquez ici pour lire l&rsquo;article depuis sa source.<\/p>\n","protected":false},"author":1738,"featured_media":0,"comment_status":"closed","ping_status":"closed","sticky":false,"template":"","format":"standard","meta":{"fifu_image_url":"http:\/\/feeds.feedburner.com\/~r\/GalerieFArtciles\/~4\/1FmjiSulFhY","fifu_image_alt":"Bar\u00e7a : Deux d\u00e9parts attendus avant la fin du mercato","footnotes":""},"categories":[53,75],"tags":[],"class_list":["post-125557","post","type-post","status-publish","format-standard","hentry","category-algerie","category-sport"],"_links":{"self":[{"href":"https:\/\/linitiative.ca\/International\/wp-json\/wp\/v2\/posts\/125557","targetHints":{"allow":["GET"]}}],"collection":[{"href":"https:\/\/linitiative.ca\/International\/wp-json\/wp\/v2\/posts"}],"about":[{"href":"https:\/\/linitiative.ca\/International\/wp-json\/wp\/v2\/types\/post"}],"author":[{"embeddable":true,"href":"https:\/\/linitiative.ca\/International\/wp-json\/wp\/v2\/users\/1738"}],"replies":[{"embeddable":true,"href":"https:\/\/linitiative.ca\/International\/wp-json\/wp\/v2\/comments?post=125557"}],"version-history":[{"count":0,"href":"https:\/\/linitiative.ca\/International\/wp-json\/wp\/v2\/posts\/125557\/revisions"}],"wp:attachment":[{"href":"https:\/\/linitiative.ca\/International\/wp-json\/wp\/v2\/media?parent=125557"}],"wp:term":[{"taxonomy":"category","embeddable":true,"href":"https:\/\/linitiative.ca\/International\/wp-json\/wp\/v2\/categories?post=125557"},{"taxonomy":"post_tag","embeddable":true,"href":"https:\/\/linitiative.ca\/International\/wp-json\/wp\/v2\/tags?post=125557"}],"curies":[{"name":"wp","href":"https:\/\/api.w.org\/{rel}","templated":true}]}}