{"id":125560,"date":"2021-08-30T06:38:50","date_gmt":"2021-08-30T10:38:50","guid":{"rendered":"https:\/\/linitiative.ca\/International\/la-tension-sur-la-farine-persiste-le-pain-ordinaire-se-fait-rare-dans-les-boulangeries\/"},"modified":"2021-08-30T06:38:50","modified_gmt":"2021-08-30T10:38:50","slug":"la-tension-sur-la-farine-persiste-le-pain-ordinaire-se-fait-rare-dans-les-boulangeries","status":"publish","type":"post","link":"https:\/\/linitiative.ca\/International\/la-tension-sur-la-farine-persiste-le-pain-ordinaire-se-fait-rare-dans-les-boulangeries\/","title":{"rendered":"La tension sur la farine persiste : Le pain ordinaire se fait rare dans les boulangeries"},"content":{"rendered":"<div>\n<div class=\"sriret\"><img decoding=\"async\" src=\"https:\/\/linitiative.ca\/International\/wp-content\/uploads\/sites\/23\/2021\/08\/default-picture-709x366_c-69.jpg\"><\/div>\n<p class=\"p1\"><b>L<\/b>a baguette de pain dite ordinaire se fait rare dans les boulangeries du pays, malgr\u00e9 les assurances du minist\u00e8re du Commerce quant \u00e0 la disponibilit\u00e9 de la farine panifiable sur le march\u00e9. Dans la capitale, des consommateurs se plaignent de la difficult\u00e9 de se procurer du pain dit normal<span class=\"Apple-converted-space\">\u00a0 <\/span>au niveau des boulangeries. <i>\u00abPass\u00e9 les premi\u00e8res heures de la matin\u00e9e, il est presque impossible de trouver du pain ordinaire sur les \u00e9talages. Tout cela est r\u00e9voltant<\/i>\u00a0<i>!\u00bb<\/i> lance d\u00e9pit\u00e9 un vieil homme, accost\u00e9 \u00e0 la sortie d\u2019une boulangerie, sise dans le quartier populaire de Mohamed Belouizdad, ex-Belcourt.<\/p>\n<p>**Retrouvez l\u2019inte\u0301gralite\u0301 de nos articles sur la version papier<\/p>\n<p>L\u2019article <a rel=\"nofollow\" href=\"https:\/\/www.elwatan.com\/edition\/actualite\/la-tension-sur-la-farine-persiste-le-pain-ordinaire-se-fait-rare-dans-les-boulangeries-30-08-2021\">La tension sur la farine persiste : Le pain ordinaire se fait rare dans les boulangeries<\/a> est apparu en premier sur <a rel=\"nofollow\" href=\"https:\/\/www.elwatan.com\/\">El Watan<\/a>.<\/p>\n<\/div>\n<p>Auteur: Hicham Chouadria<br \/>\n<a href=\"https:\/\/www.elwatan.com\/edition\/actualite\/la-tension-sur-la-farine-persiste-le-pain-ordinaire-se-fait-rare-dans-les-boulangeries-30-08-2021\">Cliquez ici pour lire l&rsquo;article depuis sa source.<\/a><\/p>\n","protected":false},"excerpt":{"rendered":"<p>La baguette de pain dite ordinaire se fait rare dans les boulangeries du pays, malgr\u00e9 les assurances du minist\u00e8re du Commerce quant \u00e0 la disponibilit\u00e9 de la farine panifiable sur le march\u00e9. Dans la capitale, des consommateurs se plaignent de la difficult\u00e9 de se procurer du pain dit normal\u00a0 au niveau des boulangeries. \u00abPass\u00e9 les [&hellip;]<\/p>\n","protected":false},"author":1743,"featured_media":0,"comment_status":"closed","ping_status":"closed","sticky":false,"template":"","format":"standard","meta":{"fifu_image_url":"https:\/\/www.elwatan.com\/wp-content\/themes\/spectr\/img\/default-picture-709x366_c.jpg","fifu_image_alt":"La tension sur la farine persiste : Le pain ordinaire se fait rare dans les boulangeries","footnotes":""},"categories":[73,53],"tags":[],"class_list":["post-125560","post","type-post","status-publish","format-standard","hentry","category-actualite","category-algerie"],"_links":{"self":[{"href":"https:\/\/linitiative.ca\/International\/wp-json\/wp\/v2\/posts\/125560","targetHints":{"allow":["GET"]}}],"collection":[{"href":"https:\/\/linitiative.ca\/International\/wp-json\/wp\/v2\/posts"}],"about":[{"href":"https:\/\/linitiative.ca\/International\/wp-json\/wp\/v2\/types\/post"}],"author":[{"embeddable":true,"href":"https:\/\/linitiative.ca\/International\/wp-json\/wp\/v2\/users\/1743"}],"replies":[{"embeddable":true,"href":"https:\/\/linitiative.ca\/International\/wp-json\/wp\/v2\/comments?post=125560"}],"version-history":[{"count":0,"href":"https:\/\/linitiative.ca\/International\/wp-json\/wp\/v2\/posts\/125560\/revisions"}],"wp:attachment":[{"href":"https:\/\/linitiative.ca\/International\/wp-json\/wp\/v2\/media?parent=125560"}],"wp:term":[{"taxonomy":"category","embeddable":true,"href":"https:\/\/linitiative.ca\/International\/wp-json\/wp\/v2\/categories?post=125560"},{"taxonomy":"post_tag","embeddable":true,"href":"https:\/\/linitiative.ca\/International\/wp-json\/wp\/v2\/tags?post=125560"}],"curies":[{"name":"wp","href":"https:\/\/api.w.org\/{rel}","templated":true}]}}