{"id":125562,"date":"2021-08-30T06:40:25","date_gmt":"2021-08-30T10:40:25","guid":{"rendered":"https:\/\/linitiative.ca\/International\/commercants-les-oublies-de-la-crise-sanitaire\/"},"modified":"2021-08-30T06:40:25","modified_gmt":"2021-08-30T10:40:25","slug":"commercants-les-oublies-de-la-crise-sanitaire","status":"publish","type":"post","link":"https:\/\/linitiative.ca\/International\/commercants-les-oublies-de-la-crise-sanitaire\/","title":{"rendered":"Commer\u00e7ants : les oubli\u00e9s de la crise sanitaire"},"content":{"rendered":"<div>\n<div class=\"sriret\"><img loading=\"lazy\" decoding=\"async\" width=\"1000\" height=\"681\" src=\"https:\/\/linitiative.ca\/International\/wp-content\/uploads\/sites\/23\/2021\/08\/CAFE.jpg\" class=\"attachment-featured_large size-featured_large wp-post-image\" alt=\"\" style=\"margin-bottom: 15px;\" srcset=\"https:\/\/linitiative.ca\/International\/wp-content\/uploads\/sites\/23\/2021\/08\/CAFE.jpg 1000w, https:\/\/www.elwatan.com\/wp-content\/uploads\/2020\/06\/CAFE-300x204.jpg 300w, https:\/\/www.elwatan.com\/wp-content\/uploads\/2020\/06\/CAFE-768x523.jpg 768w\" sizes=\"auto, (max-width: 1000px) 100vw, 1000px\"><\/div>\n<p class=\"p1\"><b>A<\/b>yant d\u00fb r\u00e9duire fortement leurs activit\u00e9s, de nombreux<b> <\/b>commerces, dont celui de la restauration, payent cash les contrecoups de la crise sanitaire.<\/p>\n<p class=\"p2\">Optant pour le service \u00ab\u00e0 emporter\u00bb, formule-refuge pour \u00e9viter de mettre la clef sous le paillasson, les fast-foods et les caf\u00e9s font contre mauvaise fortune bon c\u0153ur. <i>\u00abLes caf\u00e9s sont des espaces de convivialit\u00e9 par excellence, les gens appr\u00e9cient de s\u2019y arr\u00eater pour discuter et \u00e9changer. Or, avec ces mesures, nos clients sont contraints de siroter leur caf\u00e9 adoss\u00e9s au le mur attenant \u00e0 notre \u00e9tablissement. Nous savons que la sant\u00e9 des citoyens est en jeu, mais de notre c\u00f4t\u00e9, le manque \u00e0 gagner est consid\u00e9rable et le chiffre d\u2019affaires amput\u00e9 de pr\u00e8s de 50%\u00bb<\/i>, nous dit le patron d\u2019un caf\u00e9-pizzeria, sis rue Mohamed Belouizdad. Les cinq mois de fermeture depuis mars 2020 et l\u2019obligation de payer le loyer ont eu raison de plusieurs \u00e9tablissements, selon notre interlocuteur.<\/p>\n<p>*Retrouvez l\u2019inte\u0301gralite\u0301 de nos articles sur la version papier<\/p>\n<p>L\u2019article <a rel=\"nofollow\" href=\"https:\/\/www.elwatan.com\/a-la-une\/commercants-les-oublies-de-la-crise-sanitaire-30-08-2021\">Commer\u00e7ants : les oubli\u00e9s de la crise sanitaire<\/a> est apparu en premier sur <a rel=\"nofollow\" href=\"https:\/\/www.elwatan.com\/\">El Watan<\/a>.<\/p>\n<\/div>\n<p>Auteur: Hicham Chouadria<br \/>\n<a href=\"https:\/\/www.elwatan.com\/a-la-une\/commercants-les-oublies-de-la-crise-sanitaire-30-08-2021\">Cliquez ici pour lire l&rsquo;article depuis sa source.<\/a><\/p>\n","protected":false},"excerpt":{"rendered":"<p>Ayant d\u00fb r\u00e9duire fortement leurs activit\u00e9s, de nombreux commerces, dont celui de la restauration, payent cash les contrecoups de la crise sanitaire. Optant pour le service \u00ab\u00e0 emporter\u00bb, formule-refuge pour \u00e9viter de mettre la clef sous le paillasson, les fast-foods et les caf\u00e9s font contre mauvaise fortune bon c\u0153ur. \u00abLes caf\u00e9s sont des espaces de [&hellip;]<\/p>\n","protected":false},"author":1743,"featured_media":0,"comment_status":"closed","ping_status":"closed","sticky":false,"template":"","format":"standard","meta":{"fifu_image_url":"https:\/\/www.elwatan.com\/wp-content\/uploads\/2020\/06\/CAFE.jpg","fifu_image_alt":"Commer\u00e7ants : les oubli\u00e9s de la crise sanitaire","footnotes":""},"categories":[73,53],"tags":[],"class_list":["post-125562","post","type-post","status-publish","format-standard","hentry","category-actualite","category-algerie"],"_links":{"self":[{"href":"https:\/\/linitiative.ca\/International\/wp-json\/wp\/v2\/posts\/125562","targetHints":{"allow":["GET"]}}],"collection":[{"href":"https:\/\/linitiative.ca\/International\/wp-json\/wp\/v2\/posts"}],"about":[{"href":"https:\/\/linitiative.ca\/International\/wp-json\/wp\/v2\/types\/post"}],"author":[{"embeddable":true,"href":"https:\/\/linitiative.ca\/International\/wp-json\/wp\/v2\/users\/1743"}],"replies":[{"embeddable":true,"href":"https:\/\/linitiative.ca\/International\/wp-json\/wp\/v2\/comments?post=125562"}],"version-history":[{"count":0,"href":"https:\/\/linitiative.ca\/International\/wp-json\/wp\/v2\/posts\/125562\/revisions"}],"wp:attachment":[{"href":"https:\/\/linitiative.ca\/International\/wp-json\/wp\/v2\/media?parent=125562"}],"wp:term":[{"taxonomy":"category","embeddable":true,"href":"https:\/\/linitiative.ca\/International\/wp-json\/wp\/v2\/categories?post=125562"},{"taxonomy":"post_tag","embeddable":true,"href":"https:\/\/linitiative.ca\/International\/wp-json\/wp\/v2\/tags?post=125562"}],"curies":[{"name":"wp","href":"https:\/\/api.w.org\/{rel}","templated":true}]}}