{"id":125566,"date":"2021-08-30T08:30:12","date_gmt":"2021-08-30T12:30:12","guid":{"rendered":"https:\/\/linitiative.ca\/International\/tribunal-de-sidi-mhamed-le-proces-de-imane-houda-feraoun-reporte-au-20-septembre\/"},"modified":"2021-08-30T08:30:12","modified_gmt":"2021-08-30T12:30:12","slug":"tribunal-de-sidi-mhamed-le-proces-de-imane-houda-feraoun-reporte-au-20-septembre","status":"publish","type":"post","link":"https:\/\/linitiative.ca\/International\/tribunal-de-sidi-mhamed-le-proces-de-imane-houda-feraoun-reporte-au-20-septembre\/","title":{"rendered":"Tribunal de Sidi M\u2019hamed : le proc\u00e8s de Imane Houda Feraoun report\u00e9 au 20 septembre"},"content":{"rendered":"<div>\n<div class=\"sriret\"><img loading=\"lazy\" decoding=\"async\" width=\"700\" height=\"500\" src=\"https:\/\/linitiative.ca\/International\/wp-content\/uploads\/sites\/23\/2021\/08\/Houda-Iman-Feraoun.jpg\" class=\"attachment-featured_large size-featured_large wp-post-image\" alt=\"\" style=\"margin-bottom: 15px;\" srcset=\"https:\/\/linitiative.ca\/International\/wp-content\/uploads\/sites\/23\/2021\/08\/Houda-Iman-Feraoun.jpg 700w, https:\/\/www.elwatan.com\/wp-content\/uploads\/2021\/08\/Houda-Iman-Feraoun-300x214.jpg 300w\" sizes=\"auto, (max-width: 700px) 100vw, 700px\"><\/div>\n<p>Le proc\u00e8s de l\u2019ancienne ministre de la Poste et des T\u00e9l\u00e9communications, Imane Houda Feraoun a \u00e9t\u00e9 report\u00e9 lundi 30 ao\u00fbt au 20 septembre prochain par le juge du p\u00f4le p\u00e9nal \u00e9conomique et financier du Tribunal de Sidi M\u2019Hamed d\u2019Alger, suite \u00e0 la demande des avocats de la d\u00e9fense.<\/p>\n<p>Houda Feraoun est poursuivie pour des chefs d\u2019accusation li\u00e9s \u00e0 la corruption dont la dilapidation des deniers publics, l\u2019octroi d\u2019indus privil\u00e8ges et l\u2019abus de fonction. Sont \u00e9galement impliqu\u00e9s dans cette affaire plusieurs cadres du minist\u00e8re et d\u2019entreprises publiques relevant du secteur de la Poste et des T\u00e9l\u00e9communications durant la p\u00e9riode de gestion par Imane Houda Feraoun.<\/p>\n<p>L\u2019article <a rel=\"nofollow\" href=\"https:\/\/www.elwatan.com\/edition\/actualite\/tribunal-de-sidi-mhamed-le-proces-de-imane-houda-feraoun-reporte-au-20-septembre-30-08-2021\">Tribunal de Sidi M\u2019hamed : le proc\u00e8s de Imane Houda Feraoun report\u00e9 au 20 septembre<\/a> est apparu en premier sur <a rel=\"nofollow\" href=\"https:\/\/www.elwatan.com\/\">El Watan<\/a>.<\/p>\n<\/div>\n<p>Auteur: Abdelghani Aichoun<br \/>\n<a href=\"https:\/\/www.elwatan.com\/edition\/actualite\/tribunal-de-sidi-mhamed-le-proces-de-imane-houda-feraoun-reporte-au-20-septembre-30-08-2021\">Cliquez ici pour lire l&rsquo;article depuis sa source.<\/a><\/p>\n","protected":false},"excerpt":{"rendered":"<p>Le proc\u00e8s de l\u2019ancienne ministre de la Poste et des T\u00e9l\u00e9communications, Imane Houda Feraoun a \u00e9t\u00e9 report\u00e9 lundi 30 ao\u00fbt au 20 septembre prochain par le juge du p\u00f4le p\u00e9nal \u00e9conomique et financier du Tribunal de Sidi M\u2019Hamed d\u2019Alger, suite \u00e0 la demande des avocats de la d\u00e9fense. Houda Feraoun est poursuivie pour des chefs [&hellip;]<\/p>\n","protected":false},"author":1743,"featured_media":0,"comment_status":"closed","ping_status":"closed","sticky":false,"template":"","format":"standard","meta":{"fifu_image_url":"https:\/\/www.elwatan.com\/wp-content\/uploads\/2021\/08\/Houda-Iman-Feraoun.jpg","fifu_image_alt":"Tribunal de Sidi M\u2019hamed : le proc\u00e8s de Imane Houda Feraoun report\u00e9 au 20 septembre","footnotes":""},"categories":[73,53],"tags":[],"class_list":["post-125566","post","type-post","status-publish","format-standard","hentry","category-actualite","category-algerie"],"_links":{"self":[{"href":"https:\/\/linitiative.ca\/International\/wp-json\/wp\/v2\/posts\/125566","targetHints":{"allow":["GET"]}}],"collection":[{"href":"https:\/\/linitiative.ca\/International\/wp-json\/wp\/v2\/posts"}],"about":[{"href":"https:\/\/linitiative.ca\/International\/wp-json\/wp\/v2\/types\/post"}],"author":[{"embeddable":true,"href":"https:\/\/linitiative.ca\/International\/wp-json\/wp\/v2\/users\/1743"}],"replies":[{"embeddable":true,"href":"https:\/\/linitiative.ca\/International\/wp-json\/wp\/v2\/comments?post=125566"}],"version-history":[{"count":0,"href":"https:\/\/linitiative.ca\/International\/wp-json\/wp\/v2\/posts\/125566\/revisions"}],"wp:attachment":[{"href":"https:\/\/linitiative.ca\/International\/wp-json\/wp\/v2\/media?parent=125566"}],"wp:term":[{"taxonomy":"category","embeddable":true,"href":"https:\/\/linitiative.ca\/International\/wp-json\/wp\/v2\/categories?post=125566"},{"taxonomy":"post_tag","embeddable":true,"href":"https:\/\/linitiative.ca\/International\/wp-json\/wp\/v2\/tags?post=125566"}],"curies":[{"name":"wp","href":"https:\/\/api.w.org\/{rel}","templated":true}]}}