{"id":125570,"date":"2021-08-30T06:03:00","date_gmt":"2021-08-30T10:03:00","guid":{"rendered":"https:\/\/linitiative.ca\/International\/la-bna-se-mobilise-pour-le-paiement-des-aides-sociales-video\/"},"modified":"2021-08-30T06:03:00","modified_gmt":"2021-08-30T10:03:00","slug":"la-bna-se-mobilise-pour-le-paiement-des-aides-sociales-video","status":"publish","type":"post","link":"https:\/\/linitiative.ca\/International\/la-bna-se-mobilise-pour-le-paiement-des-aides-sociales-video\/","title":{"rendered":"La BNA se mobilise pour le paiement des Aides Sociales (Vid\u00e9o)"},"content":{"rendered":"<div><img decoding=\"async\" src=\"https:\/\/linitiative.ca\/International\/wp-content\/uploads\/sites\/23\/2021\/08\/1630314323_article.jpg\" alt=\"La BNA se mobilise pour le paiement des Aides Sociales (Vid\u00e9o)\" align=\"left\">Impr\u00e9gn\u00e9e du sens du devoir, la BNA se mobilise pour la r\u00e9ussite du projet national pilot\u00e9 par le Minist\u00e8re des Affaires Sociales et ayant pour objet le d\u00e9caissement d\u2019aides circonstancielles et exceptionnelles au profit des familles \u00e0 revenus limit\u00e9simpact\u00e9es par la pand\u00e9mie de la Covid-19.<br \/>\nA cet effet et afin de mieux servir les b\u00e9n\u00e9ficiaires des aides sociales, la BNA met \u00e0 leur dispositionson large r\u00e9seau d\u2019agences bancaires ainsi que son parc DAB afin d\u2019assurer gratuitement le d\u00e9caissement instantan\u00e9 des aides sociales en toute s\u00e9curit\u00e9 et simplicit\u00e9.<\/p>\n<p>La BNA prouve, encore une fois, qu\u2019elle est pleinement consciente de l\u2019importance de son engagement &#8230;<\/p>\n<\/div>\n<p>Auteur:<br \/>\n<a href=\"https:\/\/www.leaders.com.tn\/article\/32342-la-bna-se-mobilise-pour-le-paiement-des-aides-sociales-video\">Cliquez ici pour lire l&rsquo;article depuis sa source.<\/a><\/p>\n","protected":false},"excerpt":{"rendered":"<p>Impr\u00e9gn\u00e9e du sens du devoir, la BNA se mobilise pour la r\u00e9ussite du projet national pilot\u00e9 par le Minist\u00e8re des Affaires Sociales et ayant pour objet le d\u00e9caissement d\u2019aides circonstancielles et exceptionnelles au profit des familles \u00e0 revenus limit\u00e9simpact\u00e9es par la pand\u00e9mie de la Covid-19. A cet effet et afin de mieux servir les b\u00e9n\u00e9ficiaires [&hellip;]<\/p>\n","protected":false},"author":1772,"featured_media":0,"comment_status":"closed","ping_status":"closed","sticky":false,"template":"","format":"standard","meta":{"fifu_image_url":"http:\/\/www.leaders.com.tn\/uploads\/content\/thumbnails_small\/1630314323_article.jpg","fifu_image_alt":"La BNA se mobilise pour le paiement des Aides Sociales (Vid\u00e9o)","footnotes":""},"categories":[73,55],"tags":[],"class_list":["post-125570","post","type-post","status-publish","format-standard","hentry","category-actualite","category-tunisie"],"_links":{"self":[{"href":"https:\/\/linitiative.ca\/International\/wp-json\/wp\/v2\/posts\/125570","targetHints":{"allow":["GET"]}}],"collection":[{"href":"https:\/\/linitiative.ca\/International\/wp-json\/wp\/v2\/posts"}],"about":[{"href":"https:\/\/linitiative.ca\/International\/wp-json\/wp\/v2\/types\/post"}],"author":[{"embeddable":true,"href":"https:\/\/linitiative.ca\/International\/wp-json\/wp\/v2\/users\/1772"}],"replies":[{"embeddable":true,"href":"https:\/\/linitiative.ca\/International\/wp-json\/wp\/v2\/comments?post=125570"}],"version-history":[{"count":0,"href":"https:\/\/linitiative.ca\/International\/wp-json\/wp\/v2\/posts\/125570\/revisions"}],"wp:attachment":[{"href":"https:\/\/linitiative.ca\/International\/wp-json\/wp\/v2\/media?parent=125570"}],"wp:term":[{"taxonomy":"category","embeddable":true,"href":"https:\/\/linitiative.ca\/International\/wp-json\/wp\/v2\/categories?post=125570"},{"taxonomy":"post_tag","embeddable":true,"href":"https:\/\/linitiative.ca\/International\/wp-json\/wp\/v2\/tags?post=125570"}],"curies":[{"name":"wp","href":"https:\/\/api.w.org\/{rel}","templated":true}]}}