{"id":125572,"date":"2021-08-30T15:00:00","date_gmt":"2021-08-30T19:00:00","guid":{"rendered":"https:\/\/linitiative.ca\/International\/lhoraire-administratif-dete-prolonge-pour-les-agents-de-letat-les-collectivites-locales-et-les-etablissements-publics-jusquau-14-septembre\/"},"modified":"2021-08-30T15:00:00","modified_gmt":"2021-08-30T19:00:00","slug":"lhoraire-administratif-dete-prolonge-pour-les-agents-de-letat-les-collectivites-locales-et-les-etablissements-publics-jusquau-14-septembre","status":"publish","type":"post","link":"https:\/\/linitiative.ca\/International\/lhoraire-administratif-dete-prolonge-pour-les-agents-de-letat-les-collectivites-locales-et-les-etablissements-publics-jusquau-14-septembre\/","title":{"rendered":"L&rsquo;horaire administratif d&rsquo;\u00e9t\u00e9 prolong\u00e9 pour les agents de l&rsquo;Etat, les collectivit\u00e9s locales et les \u00e9tablissements publics jusqu&rsquo;au 14 septembre"},"content":{"rendered":"<div><img decoding=\"async\" src=\"https:\/\/linitiative.ca\/International\/wp-content\/uploads\/sites\/23\/2021\/08\/1630346427_article.jpg\" alt=\"L\" horaire administratif d prolong pour les agents de l collectivit locales et publics jusqu septembre align=\"left\">L&rsquo;horaire administratif d&rsquo;\u00e9t\u00e9 pour les agents de l&rsquo; Etat, les collectivit\u00e9s locales et les \u00e9tablissements publics a \u00e9t\u00e9 prolong\u00e9 jusqu&rsquo;au 14 septembre a annonc\u00e9 ce lundi la pr\u00e9sidence de la R\u00e9publique. Cette mesure a \u00e9t\u00e9 prise suite aux recommandations de la salle d&rsquo;op\u00e9rations de gestion du coronavirus pour endiguer cette pand\u00e9mie.<br \/>\nL&rsquo;horaire d&rsquo;hiver reprendra le 15 septembre pr\u00e9cise le communiqu\u00e9 de la pr\u00e9sidence.<\/p>\n<\/div>\n<p>Auteur:<br \/>\n<a href=\"https:\/\/www.leaders.com.tn\/article\/32343-l-horaire-administratif-d-ete-prolonge-pour-les-agents-de-l-etat-les-collectivites-locales-et-les-etablissements-publics-jusqu-au-14-septembre\">Cliquez ici pour lire l&rsquo;article depuis sa source.<\/a><\/p>\n","protected":false},"excerpt":{"rendered":"<p>L&rsquo;horaire administratif d&rsquo;\u00e9t\u00e9 pour les agents de l&rsquo; Etat, les collectivit\u00e9s locales et les \u00e9tablissements publics a \u00e9t\u00e9 prolong\u00e9 jusqu&rsquo;au 14 septembre a annonc\u00e9 ce lundi la pr\u00e9sidence de la R\u00e9publique. Cette mesure a \u00e9t\u00e9 prise suite aux recommandations de la salle d&rsquo;op\u00e9rations de gestion du coronavirus pour endiguer cette pand\u00e9mie. L&rsquo;horaire d&rsquo;hiver reprendra le [&hellip;]<\/p>\n","protected":false},"author":1772,"featured_media":0,"comment_status":"closed","ping_status":"closed","sticky":false,"template":"","format":"standard","meta":{"fifu_image_url":"http:\/\/www.leaders.com.tn\/uploads\/content\/thumbnails_small\/1630346427_article.jpg","fifu_image_alt":"<div>L'horaire administratif d'\u00e9t\u00e9 prolong\u00e9 pour les agents de l'Etat, les collectivit\u00e9s locales et les \u00e9tablissements publics jusqu'au 14 septembre<\/div>","footnotes":""},"categories":[73,55],"tags":[],"class_list":["post-125572","post","type-post","status-publish","format-standard","hentry","category-actualite","category-tunisie"],"_links":{"self":[{"href":"https:\/\/linitiative.ca\/International\/wp-json\/wp\/v2\/posts\/125572","targetHints":{"allow":["GET"]}}],"collection":[{"href":"https:\/\/linitiative.ca\/International\/wp-json\/wp\/v2\/posts"}],"about":[{"href":"https:\/\/linitiative.ca\/International\/wp-json\/wp\/v2\/types\/post"}],"author":[{"embeddable":true,"href":"https:\/\/linitiative.ca\/International\/wp-json\/wp\/v2\/users\/1772"}],"replies":[{"embeddable":true,"href":"https:\/\/linitiative.ca\/International\/wp-json\/wp\/v2\/comments?post=125572"}],"version-history":[{"count":0,"href":"https:\/\/linitiative.ca\/International\/wp-json\/wp\/v2\/posts\/125572\/revisions"}],"wp:attachment":[{"href":"https:\/\/linitiative.ca\/International\/wp-json\/wp\/v2\/media?parent=125572"}],"wp:term":[{"taxonomy":"category","embeddable":true,"href":"https:\/\/linitiative.ca\/International\/wp-json\/wp\/v2\/categories?post=125572"},{"taxonomy":"post_tag","embeddable":true,"href":"https:\/\/linitiative.ca\/International\/wp-json\/wp\/v2\/tags?post=125572"}],"curies":[{"name":"wp","href":"https:\/\/api.w.org\/{rel}","templated":true}]}}