{"id":125577,"date":"2021-08-30T06:00:00","date_gmt":"2021-08-30T10:00:00","guid":{"rendered":"https:\/\/linitiative.ca\/International\/suspension-de-nouveaux-lots-du-vaccin-moderna-a-cause-dune-anomalie\/"},"modified":"2021-08-30T06:00:00","modified_gmt":"2021-08-30T10:00:00","slug":"suspension-de-nouveaux-lots-du-vaccin-moderna-a-cause-dune-anomalie","status":"publish","type":"post","link":"https:\/\/linitiative.ca\/International\/suspension-de-nouveaux-lots-du-vaccin-moderna-a-cause-dune-anomalie\/","title":{"rendered":"Suspension de nouveaux lots du vaccin Moderna \u00e0 cause d&rsquo;une anomalie"},"content":{"rendered":"<div>La r\u00e9gion d&rsquo;Okinawa au Japon a d\u00e9cid\u00e9 dimanche de suspendre l&rsquo;utilisation du vaccin Moderna contre le Covid-19 apr\u00e8s la d\u00e9couverte de nouveaux lots contamin\u00e9s, ont annonc\u00e9 les autorit\u00e9s locales.<\/div>\n<p>Auteur:<br \/>\n<a href=\"https:\/\/www.lesoirdalgerie.com\/monde\/suspension-de-nouveaux-lots-du-vaccin-moderna-a-cause-dune-anomalie-66679\">Cliquez ici pour lire l&rsquo;article depuis sa source.<\/a><\/p>\n","protected":false},"excerpt":{"rendered":"<p>La r\u00e9gion d&rsquo;Okinawa au Japon a d\u00e9cid\u00e9 dimanche de suspendre l&rsquo;utilisation du vaccin Moderna contre le Covid-19 apr\u00e8s la d\u00e9couverte de nouveaux lots contamin\u00e9s, ont annonc\u00e9 les autorit\u00e9s locales. Auteur: Cliquez ici pour lire l&rsquo;article depuis sa source.<\/p>\n","protected":false},"author":1741,"featured_media":0,"comment_status":"closed","ping_status":"closed","sticky":false,"template":"","format":"standard","meta":{"fifu_image_url":"","fifu_image_alt":"","footnotes":""},"categories":[73,53],"tags":[],"class_list":["post-125577","post","type-post","status-publish","format-standard","hentry","category-actualite","category-algerie"],"_links":{"self":[{"href":"https:\/\/linitiative.ca\/International\/wp-json\/wp\/v2\/posts\/125577","targetHints":{"allow":["GET"]}}],"collection":[{"href":"https:\/\/linitiative.ca\/International\/wp-json\/wp\/v2\/posts"}],"about":[{"href":"https:\/\/linitiative.ca\/International\/wp-json\/wp\/v2\/types\/post"}],"author":[{"embeddable":true,"href":"https:\/\/linitiative.ca\/International\/wp-json\/wp\/v2\/users\/1741"}],"replies":[{"embeddable":true,"href":"https:\/\/linitiative.ca\/International\/wp-json\/wp\/v2\/comments?post=125577"}],"version-history":[{"count":0,"href":"https:\/\/linitiative.ca\/International\/wp-json\/wp\/v2\/posts\/125577\/revisions"}],"wp:attachment":[{"href":"https:\/\/linitiative.ca\/International\/wp-json\/wp\/v2\/media?parent=125577"}],"wp:term":[{"taxonomy":"category","embeddable":true,"href":"https:\/\/linitiative.ca\/International\/wp-json\/wp\/v2\/categories?post=125577"},{"taxonomy":"post_tag","embeddable":true,"href":"https:\/\/linitiative.ca\/International\/wp-json\/wp\/v2\/tags?post=125577"}],"curies":[{"name":"wp","href":"https:\/\/api.w.org\/{rel}","templated":true}]}}