{"id":125579,"date":"2021-08-30T06:00:00","date_gmt":"2021-08-30T10:00:00","guid":{"rendered":"https:\/\/linitiative.ca\/International\/les-medecins-liberaux-disent-oui\/"},"modified":"2021-08-30T06:00:00","modified_gmt":"2021-08-30T10:00:00","slug":"les-medecins-liberaux-disent-oui","status":"publish","type":"post","link":"https:\/\/linitiative.ca\/International\/les-medecins-liberaux-disent-oui\/","title":{"rendered":"Les m\u00e9decins lib\u00e9raux disent oui"},"content":{"rendered":"<div>Les m\u00e9decins lib\u00e9raux vont bient\u00f4t pouvoir proc\u00e9der \u00e0 la vaccination contre le Covid-19 au niveau des cabinets ou dans les cliniques priv\u00e9es. Un guide de la vaccination est en cours d&rsquo;\u00e9laboration au niveau du minist\u00e8re de<\/div>\n<p>Auteur:<br \/>\n<a href=\"https:\/\/www.lesoirdalgerie.com\/periscoop\/les-medecins-liberaux-disent-oui-66677\">Cliquez ici pour lire l&rsquo;article depuis sa source.<\/a><\/p>\n","protected":false},"excerpt":{"rendered":"<p>Les m\u00e9decins lib\u00e9raux vont bient\u00f4t pouvoir proc\u00e9der \u00e0 la vaccination contre le Covid-19 au niveau des cabinets ou dans les cliniques priv\u00e9es. Un guide de la vaccination est en cours d&rsquo;\u00e9laboration au niveau du minist\u00e8re de Auteur: Cliquez ici pour lire l&rsquo;article depuis sa source.<\/p>\n","protected":false},"author":1741,"featured_media":0,"comment_status":"closed","ping_status":"closed","sticky":false,"template":"","format":"standard","meta":{"fifu_image_url":"","fifu_image_alt":"","footnotes":""},"categories":[73,53],"tags":[],"class_list":["post-125579","post","type-post","status-publish","format-standard","hentry","category-actualite","category-algerie"],"_links":{"self":[{"href":"https:\/\/linitiative.ca\/International\/wp-json\/wp\/v2\/posts\/125579","targetHints":{"allow":["GET"]}}],"collection":[{"href":"https:\/\/linitiative.ca\/International\/wp-json\/wp\/v2\/posts"}],"about":[{"href":"https:\/\/linitiative.ca\/International\/wp-json\/wp\/v2\/types\/post"}],"author":[{"embeddable":true,"href":"https:\/\/linitiative.ca\/International\/wp-json\/wp\/v2\/users\/1741"}],"replies":[{"embeddable":true,"href":"https:\/\/linitiative.ca\/International\/wp-json\/wp\/v2\/comments?post=125579"}],"version-history":[{"count":0,"href":"https:\/\/linitiative.ca\/International\/wp-json\/wp\/v2\/posts\/125579\/revisions"}],"wp:attachment":[{"href":"https:\/\/linitiative.ca\/International\/wp-json\/wp\/v2\/media?parent=125579"}],"wp:term":[{"taxonomy":"category","embeddable":true,"href":"https:\/\/linitiative.ca\/International\/wp-json\/wp\/v2\/categories?post=125579"},{"taxonomy":"post_tag","embeddable":true,"href":"https:\/\/linitiative.ca\/International\/wp-json\/wp\/v2\/tags?post=125579"}],"curies":[{"name":"wp","href":"https:\/\/api.w.org\/{rel}","templated":true}]}}