{"id":125581,"date":"2021-08-30T09:29:36","date_gmt":"2021-08-30T13:29:36","guid":{"rendered":"https:\/\/linitiative.ca\/International\/dakhla-la-consule-sierra-leonaise-officiellement-installee\/"},"modified":"2021-08-30T09:29:36","modified_gmt":"2021-08-30T13:29:36","slug":"dakhla-la-consule-sierra-leonaise-officiellement-installee","status":"publish","type":"post","link":"https:\/\/linitiative.ca\/International\/dakhla-la-consule-sierra-leonaise-officiellement-installee\/","title":{"rendered":"Dakhla. La consule sierra-l\u00e9onaise officiellement install\u00e9e"},"content":{"rendered":"<div><img decoding=\"async\" width=\"1600\" height=\"1200\" src=\"https:\/\/linitiative.ca\/International\/wp-content\/uploads\/sites\/23\/2021\/08\/sierra-leone-1.jpg\" class=\"attachment-post-thumbnail size-post-thumbnail wp-post-image\" alt=\"\" loading=\"lazy\" srcset=\"https:\/\/linitiative.ca\/International\/wp-content\/uploads\/sites\/23\/2021\/08\/sierra-leone-1.jpg 1600w, https:\/\/www.challenge.ma\/wp-content\/uploads\/2021\/08\/sierra-leone-1-300x225.jpg 300w, https:\/\/www.challenge.ma\/wp-content\/uploads\/2021\/08\/sierra-leone-1-1024x768.jpg 1024w, https:\/\/www.challenge.ma\/wp-content\/uploads\/2021\/08\/sierra-leone-1-768x576.jpg 768w, https:\/\/www.challenge.ma\/wp-content\/uploads\/2021\/08\/sierra-leone-1-1536x1152.jpg 1536w, https:\/\/www.challenge.ma\/wp-content\/uploads\/2021\/08\/sierra-leone-1-360x270.jpg 360w, https:\/\/www.challenge.ma\/wp-content\/uploads\/2021\/08\/sierra-leone-1-750x563.jpg 750w\" sizes=\"auto, (max-width: 1600px) 100vw, 1600px\" itemprop=\"image\">La diplomate sierra-l\u00e9onaise, Zainab Candy, a \u00e9t\u00e9 install\u00e9e lundi consule g\u00e9n\u00e9rale de son pays \u00e0 Dakhla. Zainab Candy a \u00e9t\u00e9 install\u00e9e dans ses fonctions par l\u2019ambassadeur de la R\u00e9publique de Sierra Leone \u00e0 Rabat, Atumanni Dainkeh, lors d\u2019une c\u00e9r\u00e9monie organis\u00e9e au si\u00e8ge du consulat de ce pays africain, en pr\u00e9sence<\/div>\n<p>Auteur: Karim Handaoui<br \/>\n<a href=\"https:\/\/www.challenge.ma\/dakhla-la-consule-sierra-leonaise-officiellement-installee-196876\/\">Cliquez ici pour lire l&rsquo;article depuis sa source.<\/a><\/p>\n","protected":false},"excerpt":{"rendered":"<p>La diplomate sierra-l\u00e9onaise, Zainab Candy, a \u00e9t\u00e9 install\u00e9e lundi consule g\u00e9n\u00e9rale de son pays \u00e0 Dakhla. Zainab Candy a \u00e9t\u00e9 install\u00e9e dans ses fonctions par l\u2019ambassadeur de la R\u00e9publique de Sierra Leone \u00e0 Rabat, Atumanni Dainkeh, lors d\u2019une c\u00e9r\u00e9monie organis\u00e9e au si\u00e8ge du consulat de ce pays africain, en pr\u00e9sence Auteur: Karim Handaoui Cliquez ici [&hellip;]<\/p>\n","protected":false},"author":1787,"featured_media":0,"comment_status":"closed","ping_status":"closed","sticky":false,"template":"","format":"standard","meta":{"fifu_image_url":"https:\/\/www.challenge.ma\/wp-content\/uploads\/2021\/08\/sierra-leone-1.jpg","fifu_image_alt":"Dakhla. La consule sierra-l\u00e9onaise officiellement install\u00e9e","footnotes":""},"categories":[78,54],"tags":[],"class_list":["post-125581","post","type-post","status-publish","format-standard","hentry","category-economie","category-maroc"],"_links":{"self":[{"href":"https:\/\/linitiative.ca\/International\/wp-json\/wp\/v2\/posts\/125581","targetHints":{"allow":["GET"]}}],"collection":[{"href":"https:\/\/linitiative.ca\/International\/wp-json\/wp\/v2\/posts"}],"about":[{"href":"https:\/\/linitiative.ca\/International\/wp-json\/wp\/v2\/types\/post"}],"author":[{"embeddable":true,"href":"https:\/\/linitiative.ca\/International\/wp-json\/wp\/v2\/users\/1787"}],"replies":[{"embeddable":true,"href":"https:\/\/linitiative.ca\/International\/wp-json\/wp\/v2\/comments?post=125581"}],"version-history":[{"count":0,"href":"https:\/\/linitiative.ca\/International\/wp-json\/wp\/v2\/posts\/125581\/revisions"}],"wp:attachment":[{"href":"https:\/\/linitiative.ca\/International\/wp-json\/wp\/v2\/media?parent=125581"}],"wp:term":[{"taxonomy":"category","embeddable":true,"href":"https:\/\/linitiative.ca\/International\/wp-json\/wp\/v2\/categories?post=125581"},{"taxonomy":"post_tag","embeddable":true,"href":"https:\/\/linitiative.ca\/International\/wp-json\/wp\/v2\/tags?post=125581"}],"curies":[{"name":"wp","href":"https:\/\/api.w.org\/{rel}","templated":true}]}}