{"id":125587,"date":"2021-08-30T12:14:51","date_gmt":"2021-08-30T16:14:51","guid":{"rendered":"https:\/\/linitiative.ca\/International\/le-c-1-2-un-nouveau-variant-identifie-en-afrique-du-sud-sous-surveillance\/"},"modified":"2021-08-30T12:14:51","modified_gmt":"2021-08-30T16:14:51","slug":"le-c-1-2-un-nouveau-variant-identifie-en-afrique-du-sud-sous-surveillance","status":"publish","type":"post","link":"https:\/\/linitiative.ca\/International\/le-c-1-2-un-nouveau-variant-identifie-en-afrique-du-sud-sous-surveillance\/","title":{"rendered":"Le C.1.2, un nouveau variant identifi\u00e9 en Afrique du Sud sous surveillance"},"content":{"rendered":"<div><img decoding=\"async\" width=\"1200\" height=\"630\" src=\"https:\/\/linitiative.ca\/International\/wp-content\/uploads\/sites\/23\/2021\/08\/coronavirus-1.jpeg\" class=\"attachment-post-thumbnail size-post-thumbnail wp-post-image\" alt=\"\" loading=\"lazy\" srcset=\"https:\/\/linitiative.ca\/International\/wp-content\/uploads\/sites\/23\/2021\/08\/coronavirus-1.jpeg 1200w, https:\/\/www.challenge.ma\/wp-content\/uploads\/2021\/03\/coronavirus-1-300x158.jpeg 300w, https:\/\/www.challenge.ma\/wp-content\/uploads\/2021\/03\/coronavirus-1-1024x538.jpeg 1024w, https:\/\/www.challenge.ma\/wp-content\/uploads\/2021\/03\/coronavirus-1-768x403.jpeg 768w, https:\/\/www.challenge.ma\/wp-content\/uploads\/2021\/03\/coronavirus-1-360x189.jpeg 360w, https:\/\/www.challenge.ma\/wp-content\/uploads\/2021\/03\/coronavirus-1-750x394.jpeg 750w\" sizes=\"auto, (max-width: 1200px) 100vw, 1200px\" itemprop=\"image\">Plus le virus circule, plus il est susceptible de muter, alerte la communaut\u00e9 scientifique depuis des mois. Et cela est largement prouv\u00e9 avec l\u2019apparition de variants plus r\u00e9sistants les uns que les autres et plus contagieux. Cela ressemble \u00e0 une histoire sans fin : apr\u00e8s le Delta, d\u2019autres mutations inqui\u00e8tent<\/div>\n<p>Auteur: Amine Messaoudi<br \/>\n<a href=\"https:\/\/www.challenge.ma\/le-c-1-2-un-nouveau-variant-identifie-en-afrique-du-sud-sous-surveillance-196900\/\">Cliquez ici pour lire l&rsquo;article depuis sa source.<\/a><\/p>\n","protected":false},"excerpt":{"rendered":"<p>Plus le virus circule, plus il est susceptible de muter, alerte la communaut\u00e9 scientifique depuis des mois. Et cela est largement prouv\u00e9 avec l\u2019apparition de variants plus r\u00e9sistants les uns que les autres et plus contagieux. Cela ressemble \u00e0 une histoire sans fin : apr\u00e8s le Delta, d\u2019autres mutations inqui\u00e8tent Auteur: Amine Messaoudi Cliquez ici [&hellip;]<\/p>\n","protected":false},"author":1787,"featured_media":0,"comment_status":"closed","ping_status":"closed","sticky":false,"template":"","format":"standard","meta":{"fifu_image_url":"https:\/\/www.challenge.ma\/wp-content\/uploads\/2021\/03\/coronavirus-1.jpeg","fifu_image_alt":"Le C.1.2, un nouveau variant identifi\u00e9 en Afrique du Sud sous surveillance","footnotes":""},"categories":[78,54],"tags":[],"class_list":["post-125587","post","type-post","status-publish","format-standard","hentry","category-economie","category-maroc"],"_links":{"self":[{"href":"https:\/\/linitiative.ca\/International\/wp-json\/wp\/v2\/posts\/125587","targetHints":{"allow":["GET"]}}],"collection":[{"href":"https:\/\/linitiative.ca\/International\/wp-json\/wp\/v2\/posts"}],"about":[{"href":"https:\/\/linitiative.ca\/International\/wp-json\/wp\/v2\/types\/post"}],"author":[{"embeddable":true,"href":"https:\/\/linitiative.ca\/International\/wp-json\/wp\/v2\/users\/1787"}],"replies":[{"embeddable":true,"href":"https:\/\/linitiative.ca\/International\/wp-json\/wp\/v2\/comments?post=125587"}],"version-history":[{"count":0,"href":"https:\/\/linitiative.ca\/International\/wp-json\/wp\/v2\/posts\/125587\/revisions"}],"wp:attachment":[{"href":"https:\/\/linitiative.ca\/International\/wp-json\/wp\/v2\/media?parent=125587"}],"wp:term":[{"taxonomy":"category","embeddable":true,"href":"https:\/\/linitiative.ca\/International\/wp-json\/wp\/v2\/categories?post=125587"},{"taxonomy":"post_tag","embeddable":true,"href":"https:\/\/linitiative.ca\/International\/wp-json\/wp\/v2\/tags?post=125587"}],"curies":[{"name":"wp","href":"https:\/\/api.w.org\/{rel}","templated":true}]}}